{"id":2290,"date":"2020-05-22T06:10:52","date_gmt":"2020-05-22T05:10:52","guid":{"rendered":"https:\/\/www.artforscience.eu\/?p=2290"},"modified":"2020-05-22T06:36:33","modified_gmt":"2020-05-22T05:36:33","slug":"tete-a-tete-artistique-avec-stephanie-chatelet","status":"publish","type":"post","link":"https:\/\/www.artforscience.eu\/en\/tete-a-tete-artistique-avec-stephanie-chatelet\/","title":{"rendered":"T\u00eate \u00e0 t\u00eate artistique avec St\u00e9phanie Ch\u00e2telet"},"content":{"rendered":"<div class=\"wp-block-group alignwide\"><div class=\"wp-block-group__inner-container\">\n<p class=\"has-text-align-left\">Comment na\u00eet une \u0153uvre d\u2019art ?<br>On vous livre les coulisses de la naissance de l&rsquo;art avec Art For Science<\/p>\n\n\n\n<p class=\"has-text-align-left\">\u2605 Quel art pratiques-tu ?<br><strong><em>Je suis artiste Mosa\u00efste. J\u2019assemble et je fa\u00e7onne &nbsp;le verre, le marbre, les pierres, &nbsp;et les min\u00e9raux \u2026&nbsp; &nbsp;<\/em><\/strong><br><\/p>\n\n\n\n<p class=\"has-text-align-left\">\u2605 Qu\u2019est-ce qui te fais te lever le matin ?<br><strong><em>J\u2019ai le privil\u00e8ge d\u2019\u00eatre en vie,&nbsp; et d\u2019avoir la chance de pouvoir ouvrir les yeux le matin\u2026 Comme un cadeau quotidien \u2026<\/em><\/strong><\/p>\n\n\n\n<p>\u2605 Comment d\u00e9crirais-tu ton activit\u00e9 artistique \u00e0 un enfant ?<br><strong><em>Je&nbsp; coupe et je colle des petits morceaux de verre et de cailloux, pour dessiner, colorier et raconter des histoires \u2026<\/em><\/strong><\/p>\n\n\n\n<p>\u2605 Depuis quand connais-tu Art For Science ?<br><strong><em>Je connais Art for science depuis 2019.<\/em><\/strong><\/p>\n\n\n\n<p>\u2605 En 3 mots, pourquoi avoir rejoint cette aventure ?<br><strong><em>Votre histoire, vos sourires et les incroyables d\u00e9couvertes du Professeur Duffau<\/em><\/strong>.<\/p>\n\n\n\n<p>\u2605 A quoi ressemble un moment de cr\u00e9ation  ? <br><strong><em>Le temps est suspendu, je me laisse porter par un besoin visc\u00e9ral de cr\u00e9er. Je me connecte \u00e0 ma cr\u00e9ation.. J\u2019exp\u00e9rimente, je &nbsp;fa\u00e7onne la mati\u00e8re, je l\u2019observe \u2026&nbsp; La &nbsp;vibration des couleurs \u2026 L\u2019ombre, la lumi\u00e8re \u2026 les volumes, les contrastes \u2026&nbsp; je cherche la ligne, le mouvement \u2026 Je m\u2019exprime, cherchant \u00e0 susciter l\u2019\u00e9motion, \u00e0 trouver un \u00e9quilibre, une harmonie, le moment juste \u2026 un calme int\u00e9rieur m\u2019habite&#8230; Et je me sens libre \u2026<\/em><\/strong><\/p>\n\n\n\n<p><\/p>\n\n\n\n<p>\u2605 Quels projets\/th\u00e8mes\/sujets t&rsquo;inspire actuellement ?<br><strong><em>Dame Nature, car elle est, de loin, la plus belle des artistes \u2026<\/em><\/strong><\/p>\n\n\n\n<p>\u2605 En trois mots, comment te d\u00e9crirais-tu ? <br><strong><em>Cr\u00e9ative <\/em><\/strong><\/p>\n\n\n\n<p><strong><em>Joviale <\/em><\/strong><\/p>\n\n\n\n<p><strong><em>M\u00e9tiss\u00e9e<\/em><\/strong><\/p>\n\n\n\n<p>\u2605 Ta philosophie&nbsp;? <\/p>\n\n\n\n<div class=\"wp-block-image\"><figure class=\"aligncenter size-large\"><img loading=\"lazy\" width=\"556\" height=\"394\" src=\"https:\/\/www.artforscience.eu\/wp-content\/uploads\/2020\/05\/St\u00e9phanie-Ch\u00e2telet-philosophie.png\" alt=\"\" class=\"wp-image-2292\" srcset=\"https:\/\/www.artforscience.eu\/wp-content\/uploads\/2020\/05\/St\u00e9phanie-Ch\u00e2telet-philosophie.png 556w, https:\/\/www.artforscience.eu\/wp-content\/uploads\/2020\/05\/St\u00e9phanie-Ch\u00e2telet-philosophie-300x213.png 300w\" sizes=\"(max-width: 556px) 100vw, 556px\" \/><\/figure><\/div>\n\n\n\n<p>\u2605 Que contient ta liste de v\u0153ux pour ces 5 prochaines ann\u00e9es ? <br><strong><em>De beaux projets, de belles rencontres,&nbsp; de belles aventures artistiques et humaines \u2026 et surtout \u2026 Apprendre, \u00eatre curieuse , exp\u00e9rimenter et cr\u00e9er \u2026<\/em><\/strong><\/p>\n\n\n\n<p>\u2605 Comment vois-tu Art For Science dans 5 ans&nbsp;? Comment imagines-tu Art For Science dans l\u2019avenir&nbsp;? <\/p>\n\n\n\n<p><strong><em>J\u2019imagine Art for science dans l\u2019avenir comme une passerelle entre le monde de l\u2019art et celui de la science \u2026 Permettant de s\u2019enrichir mutuellement \u2026 Continuant de mettre des actions originales et cr\u00e9atives, en vous d\u00e9marquant de ce qui existent d\u00e9j\u00e0 \u2026<\/em><\/strong><br><\/p>\n\n\n\n<p>\u2605 Quel(le) est ton artiste favori ? <br><strong><em>Georges ROUSSE, pour sa capacit\u00e9 \u00e0 bousculer notre perception de l\u2019espace \u2026 en jouant sur l\u2019anamorphose \u2026 dans une \u00e9pure et une esth\u00e9tique qui me captivent \u2026<\/em><\/strong><\/p>\n\n\n\n<div class=\"wp-block-image\"><figure class=\"aligncenter size-large\"><img loading=\"lazy\" width=\"488\" height=\"470\" src=\"https:\/\/www.artforscience.eu\/wp-content\/uploads\/2020\/05\/georges-rousse.png\" alt=\"\" class=\"wp-image-2295\" srcset=\"https:\/\/www.artforscience.eu\/wp-content\/uploads\/2020\/05\/georges-rousse.png 488w, https:\/\/www.artforscience.eu\/wp-content\/uploads\/2020\/05\/georges-rousse-300x289.png 300w\" sizes=\"(max-width: 488px) 100vw, 488px\" \/><figcaption>https:\/\/www.georgesrousse.com\/actualites\/ <\/figcaption><\/figure><\/div>\n\n\n\n<p>\u2605 Si tu pouvais \u00eatre quelqu\u2019un d\u2019autre le temps d\u2019une journ\u00e9e, qui aimerais-tu \u00eatre&nbsp;? <\/p>\n\n\n\n<p><strong><em>Un oiseau \u2026 Car je r\u00eaverais de savoir ce que \u00e7a fait de communier avec l\u2019air \u2026 et de virevolter&nbsp; au gr\u00e9 du vent \u2026<\/em><\/strong><br><\/p>\n\n\n\n<p>\u2605 Quel est ton p\u00e9ch\u00e9 mignon ? <\/p>\n\n\n\n<p><strong><em>Les framboises \u2026 A la belle saison \u2026<\/em><\/strong><\/p>\n\n\n\n<p><br><\/p>\n\n\n\n<div class=\"wp-block-image\"><figure class=\"aligncenter size-large\"><img loading=\"lazy\" width=\"486\" height=\"392\" src=\"https:\/\/www.artforscience.eu\/wp-content\/uploads\/2020\/05\/St\u00e9phanie-Ch\u00e2telet-un-moment-de-cr\u00e9a.png\" alt=\"\" class=\"wp-image-2293\" srcset=\"https:\/\/www.artforscience.eu\/wp-content\/uploads\/2020\/05\/St\u00e9phanie-Ch\u00e2telet-un-moment-de-cr\u00e9a.png 486w, https:\/\/www.artforscience.eu\/wp-content\/uploads\/2020\/05\/St\u00e9phanie-Ch\u00e2telet-un-moment-de-cr\u00e9a-300x242.png 300w\" sizes=\"(max-width: 486px) 100vw, 486px\" \/><\/figure><\/div>\n\n\n\n<p>\u2714 Merci St\u00e9phanie et encore bienvenue dans la famille Art For Science ! \u2714 <\/p>\n\n\n\n<p>L&rsquo;\u0153uvre de St\u00e9phanie est \u00e0 retrouver et \u00e0 acqu\u00e9rir au profit de la recherche m\u00e9dicale dans la rubrique \u0152uvre d&rsquo;art : <a href=\"https:\/\/www.artforscience.eu\/en\/voir-les-oeuvres-dart\/\">https:\/\/www.artforscience.eu\/voir-les-oeuvres-dart\/ <\/a><\/p>\n<\/div><\/div>","protected":false},"excerpt":{"rendered":"<p>Comment na\u00eet une \u0153uvre d\u2019art ?On vous livre les coulisses de la naissance de l&rsquo;art avec Art For Science \u2605 Quel art pratiques-tu ?Je suis artiste Mosa\u00efste. J\u2019assemble et je fa\u00e7onne &nbsp;le verre, le marbre, les pierres, &nbsp;et les min\u00e9raux \u2026&nbsp; &nbsp; \u2605 Qu\u2019est-ce qui te fais te lever le matin ?J\u2019ai le privil\u00e8ge d\u2019\u00eatre [&hellip;]<\/p>","protected":false},"author":1,"featured_media":2300,"comment_status":"open","ping_status":"open","sticky":false,"template":"","format":"standard","meta":{"_mi_skip_tracking":false,"_monsterinsights_sitenote_active":false,"_monsterinsights_sitenote_note":"","_monsterinsights_sitenote_category":0,"spay_email":""},"categories":[61],"tags":[],"jetpack_featured_media_url":"https:\/\/www.artforscience.eu\/wp-content\/uploads\/2020\/05\/Art-For-Science-2019-Fany-Mosa\u00efste-scaled.jpg","_links":{"self":[{"href":"https:\/\/www.artforscience.eu\/en\/wp-json\/wp\/v2\/posts\/2290"}],"collection":[{"href":"https:\/\/www.artforscience.eu\/en\/wp-json\/wp\/v2\/posts"}],"about":[{"href":"https:\/\/www.artforscience.eu\/en\/wp-json\/wp\/v2\/types\/post"}],"author":[{"embeddable":true,"href":"https:\/\/www.artforscience.eu\/en\/wp-json\/wp\/v2\/users\/1"}],"replies":[{"embeddable":true,"href":"https:\/\/www.artforscience.eu\/en\/wp-json\/wp\/v2\/comments?post=2290"}],"version-history":[{"count":5,"href":"https:\/\/www.artforscience.eu\/en\/wp-json\/wp\/v2\/posts\/2290\/revisions"}],"predecessor-version":[{"id":2299,"href":"https:\/\/www.artforscience.eu\/en\/wp-json\/wp\/v2\/posts\/2290\/revisions\/2299"}],"wp:featuredmedia":[{"embeddable":true,"href":"https:\/\/www.artforscience.eu\/en\/wp-json\/wp\/v2\/media\/2300"}],"wp:attachment":[{"href":"https:\/\/www.artforscience.eu\/en\/wp-json\/wp\/v2\/media?parent=2290"}],"wp:term":[{"taxonomy":"category","embeddable":true,"href":"https:\/\/www.artforscience.eu\/en\/wp-json\/wp\/v2\/categories?post=2290"},{"taxonomy":"post_tag","embeddable":true,"href":"https:\/\/www.artforscience.eu\/en\/wp-json\/wp\/v2\/tags?post=2290"}],"curies":[{"name":"wp","href":"https:\/\/api.w.org\/{rel}","templated":true}]}}