{"id":2305,"date":"2020-05-28T16:16:56","date_gmt":"2020-05-28T15:16:56","guid":{"rendered":"https:\/\/www.artforscience.eu\/?p=2305"},"modified":"2020-05-28T16:19:33","modified_gmt":"2020-05-28T15:19:33","slug":"lart-quels-effets-sur-le-cerveau","status":"publish","type":"post","link":"https:\/\/www.artforscience.eu\/en\/lart-quels-effets-sur-le-cerveau\/","title":{"rendered":"L&rsquo;art, quels effets sur le cerveau ?"},"content":{"rendered":"<p>\u2605 En attendant de pouvoir retourn\u00e9 au Mus\u00e9e des Beaux-Arts de Lyon, voici un revival d&rsquo;une conf\u00e9rence donn\u00e9e par le mus\u00e9e sur \u00ab\u00a0L&rsquo;art, quels effets sur le cerveau\u00a0\u00bb, <em>on est fan !<\/em><\/p>\n\n\n\n<figure class=\"wp-block-image size-large\"><img loading=\"lazy\" width=\"700\" height=\"275\" src=\"https:\/\/www.artforscience.eu\/wp-content\/uploads\/2020\/05\/mba-lyo-700x275.png\" alt=\"\" class=\"wp-image-2307\" srcset=\"https:\/\/www.artforscience.eu\/wp-content\/uploads\/2020\/05\/mba-lyo-700x275.png 700w, https:\/\/www.artforscience.eu\/wp-content\/uploads\/2020\/05\/mba-lyo-300x118.png 300w, https:\/\/www.artforscience.eu\/wp-content\/uploads\/2020\/05\/mba-lyo-768x302.png 768w, https:\/\/www.artforscience.eu\/wp-content\/uploads\/2020\/05\/mba-lyo-600x236.png 600w, https:\/\/www.artforscience.eu\/wp-content\/uploads\/2020\/05\/mba-lyo.png 1263w\" sizes=\"(max-width: 700px) 100vw, 700px\" \/><figcaption>https:\/\/www.mba-lyon.fr\/fr <\/figcaption><\/figure>\n\n\n\n<p>Muriel Charri\u00e8re, m\u00e9diatrice culturelle au Mus\u00e9e des Beaux-Arts de Lyon et Suliann Ben-Hamed, directrice de recherches ISCMJ-CNRS, Universit\u00e9 de Lyon, \u00e9taient passionnantes le 03\/04\/2019 lors de cette conf\u00e9rence intitul\u00e9 \u00ab\u00a0L&rsquo;art, quels effets sur le cerveau\u00a0\u00bb.<\/p>\n\n\n\n<p>\u2605 TOP 13 de nos citations pr\u00e9f\u00e9r\u00e9es : <\/p>\n\n\n\n<p>\u00ab\u00a0L&rsquo;art est en lien avec notre conscient et r\u00e9v\u00e8le notre inconscient\u00a0\u00bb<\/p>\n\n\n\n<p>\u00ab\u00a0Le r\u00f4le de l&rsquo;art : un lien entre monde int\u00e9rieur et monde ext\u00e9rieur\u00a0\u00bb<\/p>\n\n\n\n<p>Oscar Wild \u00e9tait pr\u00e9sent \u00e0 sa fa\u00e7on durant cette conf\u00e9rence, son propos \u00e0 \u00e9t\u00e9 mis en lumi\u00e8re  <strong>\u00ab\u00a0Le bien que nous tirons de l&rsquo;art n&rsquo;est pas ce que nous en apprenons ; c&rsquo;est ce que nous devenons \u00e0 travers lui.\u00a0\u00bb<\/strong><\/p>\n\n\n\n<p>\u00ab\u00a0L&rsquo;art est la communication qui refl\u00e8te notre vie int\u00e9rieure\u00a0\u00bb<\/p>\n\n\n\n<p>\u00ab\u00a0L&rsquo;art ne produit pas le visible mais il rend visible\u00a0\u00bb<\/p>\n\n\n\n<figure class=\"wp-block-image size-large\"><img loading=\"lazy\" width=\"700\" height=\"374\" src=\"https:\/\/www.artforscience.eu\/wp-content\/uploads\/2020\/05\/Lartcestcapturelimportant-1-700x374.png\" alt=\"\" class=\"wp-image-2311\" srcset=\"https:\/\/www.artforscience.eu\/wp-content\/uploads\/2020\/05\/Lartcestcapturelimportant-1-700x374.png 700w, https:\/\/www.artforscience.eu\/wp-content\/uploads\/2020\/05\/Lartcestcapturelimportant-1-300x160.png 300w, https:\/\/www.artforscience.eu\/wp-content\/uploads\/2020\/05\/Lartcestcapturelimportant-1-768x411.png 768w, https:\/\/www.artforscience.eu\/wp-content\/uploads\/2020\/05\/Lartcestcapturelimportant-1-600x321.png 600w, https:\/\/www.artforscience.eu\/wp-content\/uploads\/2020\/05\/Lartcestcapturelimportant-1.png 922w\" sizes=\"(max-width: 700px) 100vw, 700px\" \/><figcaption>\u00ab\u00a0L&rsquo;art c&rsquo;est capturer l&rsquo;important, en proposer une certaine interpr\u00e9tation\u00a0\u00bb<\/figcaption><\/figure>\n\n\n\n<p>\u00ab\u00a0L&rsquo;art, c&rsquo;est g\u00e9n\u00e9tique. La (mauvaise) qualit\u00e9 de l\u2019environnement (qui nous fait grandir) est le polluant\u00a0\u00bb.<\/p>\n\n\n\n<p>\u00ab\u00a0Des exp\u00e9riences on montr\u00e9 apr\u00e8s 15 mois de pratique instrumentale d&rsquo;un instrument de musique,  un accroissement des aires dans le cerveau\u00a0\u00bb. Au del\u00e0 de ces 15 mois, on \u00ab\u00a0d\u00e9borde\u00a0\u00bb de l&rsquo;instrument, on d\u00e9veloppe des connexions neuronales : c&rsquo;est l&rsquo;effet de la pratique intensive de l&rsquo;art ou de la musique\u00a0\u00bb.<\/p>\n\n\n\n<figure class=\"wp-block-image size-large\"><img loading=\"lazy\" width=\"700\" height=\"337\" src=\"https:\/\/www.artforscience.eu\/wp-content\/uploads\/2020\/05\/Lapratiquedesartsscorecognitif-700x337.png\" alt=\"\" class=\"wp-image-2308\" srcset=\"https:\/\/www.artforscience.eu\/wp-content\/uploads\/2020\/05\/Lapratiquedesartsscorecognitif-700x337.png 700w, https:\/\/www.artforscience.eu\/wp-content\/uploads\/2020\/05\/Lapratiquedesartsscorecognitif-300x144.png 300w, https:\/\/www.artforscience.eu\/wp-content\/uploads\/2020\/05\/Lapratiquedesartsscorecognitif-768x369.png 768w, https:\/\/www.artforscience.eu\/wp-content\/uploads\/2020\/05\/Lapratiquedesartsscorecognitif-600x289.png 600w, https:\/\/www.artforscience.eu\/wp-content\/uploads\/2020\/05\/Lapratiquedesartsscorecognitif.png 969w\" sizes=\"(max-width: 700px) 100vw, 700px\" \/><\/figure>\n\n\n\n<p>\u00ab\u00a0La pratique d&rsquo;un des arts suivants : art visuel (\u0153uvres), danse ou musique permet une am\u00e9lioration du score cognitif\u00a0\u00bb.<\/p>\n\n\n\n<p>\u00ab\u00a0Chacun peut apprendre \u00e0 \u00eatre cr\u00e9atif, il s&rsquo;agit d&rsquo;une connexion, d&rsquo;un \u00e9tat d&rsquo;esprit\u00a0\u00bb.<\/p>\n\n\n\n<p>\u00ab\u00a0L&#8217;empathie = cognition incarn\u00e9e. Je comprend l&rsquo;autre par ma propre exp\u00e9rience, c&rsquo;est \u00e0 la base de la compr\u00e9hension du monde\u00a0\u00bb.<\/p>\n\n\n\n<p>\u00ab\u00a0Le raffinement est la meilleure capacit\u00e9 \u00e9motionnelle\u00a0\u00bb.<\/p>\n\n\n\n<figure class=\"wp-block-image size-large\"><img loading=\"lazy\" width=\"700\" height=\"335\" src=\"https:\/\/www.artforscience.eu\/wp-content\/uploads\/2020\/05\/Lartrendintelligent-700x335.png\" alt=\"\" class=\"wp-image-2312\" srcset=\"https:\/\/www.artforscience.eu\/wp-content\/uploads\/2020\/05\/Lartrendintelligent-700x335.png 700w, https:\/\/www.artforscience.eu\/wp-content\/uploads\/2020\/05\/Lartrendintelligent-300x143.png 300w, https:\/\/www.artforscience.eu\/wp-content\/uploads\/2020\/05\/Lartrendintelligent-768x367.png 768w, https:\/\/www.artforscience.eu\/wp-content\/uploads\/2020\/05\/Lartrendintelligent-600x287.png 600w, https:\/\/www.artforscience.eu\/wp-content\/uploads\/2020\/05\/Lartrendintelligent.png 964w\" sizes=\"(max-width: 700px) 100vw, 700px\" \/><\/figure>\n\n\n\n<p>\u00ab\u00a0L&rsquo;art est le secret de l&rsquo;intelligence car l&#8217;empathie est le secret de l&rsquo;art. On essaie de comprendre l&rsquo;autre et pour cela il faut l&rsquo;incarner. L&#8217;empathie, \u00e7a se d\u00e9veloppe. On parle d&rsquo;\u00eatre \u00ab\u00a0plus performant dans l&#8217;empathie\u00a0\u00bb pour \u00eatre exact.\u00a0\u00bb<\/p>\n\n\n\n<p>\u00ab\u00a0Pour apaiser l&rsquo;\u00e2me humaine, on peut passer de la contemplation d&rsquo;une \u0153uvre \u00e0 la m\u00e9ditation\u00a0\u00bb.<\/p>\n\n\n\n<p><\/p>","protected":false},"excerpt":{"rendered":"<p>\u2605 En attendant de pouvoir retourn\u00e9 au Mus\u00e9e des Beaux-Arts de Lyon, voici un revival d&rsquo;une conf\u00e9rence donn\u00e9e par le mus\u00e9e sur \u00ab\u00a0L&rsquo;art, quels effets sur le cerveau\u00a0\u00bb, on est fan !<\/p>","protected":false},"author":1,"featured_media":2309,"comment_status":"open","ping_status":"open","sticky":false,"template":"","format":"standard","meta":{"_mi_skip_tracking":false,"_monsterinsights_sitenote_active":false,"_monsterinsights_sitenote_note":"","_monsterinsights_sitenote_category":0,"spay_email":""},"categories":[61,62],"tags":[],"jetpack_featured_media_url":"https:\/\/www.artforscience.eu\/wp-content\/uploads\/2020\/05\/LartRendVisible-e1590679158802.png","_links":{"self":[{"href":"https:\/\/www.artforscience.eu\/en\/wp-json\/wp\/v2\/posts\/2305"}],"collection":[{"href":"https:\/\/www.artforscience.eu\/en\/wp-json\/wp\/v2\/posts"}],"about":[{"href":"https:\/\/www.artforscience.eu\/en\/wp-json\/wp\/v2\/types\/post"}],"author":[{"embeddable":true,"href":"https:\/\/www.artforscience.eu\/en\/wp-json\/wp\/v2\/users\/1"}],"replies":[{"embeddable":true,"href":"https:\/\/www.artforscience.eu\/en\/wp-json\/wp\/v2\/comments?post=2305"}],"version-history":[{"count":2,"href":"https:\/\/www.artforscience.eu\/en\/wp-json\/wp\/v2\/posts\/2305\/revisions"}],"predecessor-version":[{"id":2314,"href":"https:\/\/www.artforscience.eu\/en\/wp-json\/wp\/v2\/posts\/2305\/revisions\/2314"}],"wp:featuredmedia":[{"embeddable":true,"href":"https:\/\/www.artforscience.eu\/en\/wp-json\/wp\/v2\/media\/2309"}],"wp:attachment":[{"href":"https:\/\/www.artforscience.eu\/en\/wp-json\/wp\/v2\/media?parent=2305"}],"wp:term":[{"taxonomy":"category","embeddable":true,"href":"https:\/\/www.artforscience.eu\/en\/wp-json\/wp\/v2\/categories?post=2305"},{"taxonomy":"post_tag","embeddable":true,"href":"https:\/\/www.artforscience.eu\/en\/wp-json\/wp\/v2\/tags?post=2305"}],"curies":[{"name":"wp","href":"https:\/\/api.w.org\/{rel}","templated":true}]}}