{"id":2642,"date":"2020-10-07T15:28:21","date_gmt":"2020-10-07T14:28:21","guid":{"rendered":"https:\/\/www.artforscience.eu\/?p=2642"},"modified":"2020-10-07T15:54:28","modified_gmt":"2020-10-07T14:54:28","slug":"lancement-de-la-1ere-ecole-du-cerveau-pour-grand-public","status":"publish","type":"post","link":"https:\/\/www.artforscience.eu\/en\/lancement-de-la-1ere-ecole-du-cerveau-pour-grand-public\/","title":{"rendered":"Lancement de la 1\u00e8re \u00e9cole du cerveau pour grand public"},"content":{"rendered":"<p>Une \u00e9cole du cerveau pour les personnes qui n&rsquo;ont pas pour projet de faire m\u00e9decine mais qui s&rsquo;int\u00e9resse beaucoup \u00e0 ce qui ce passe dans le corps et le cerveau !<\/p>\n\n\n\n<p>Une \u00e9cole du cerveau pour faire s&rsquo;exprimer la voix de la neuroscience et la voix de l&rsquo;art sur des sujets majeurs. <\/p>\n\n\n\n<p>Il nous semble important de faire s&rsquo;exprimer toutes les voix sur des sujets qui peuvent avoir des r\u00e9percussions sur notre sant\u00e9 ou sur les autres.<\/p>\n\n\n\n<p>Parce que <strong>nous avons tiss\u00e9s des relations sociales plus sophistiqu\u00e9s et que notre neuroanatomie \u00e0 \u00e9voluer en ce sens<\/strong>, d\u00e9crypter ce qui ce passe dans notre cerveau, de fa\u00e7on consciente et inconsciente, apporte des cl\u00e9s pour mieux \u00e9voluer dans sa propre vie, se sentir mieux et m\u00eame pr\u00e9server sa sant\u00e9.<\/p>\n\n\n\n<p><span style=\"color:#998675\" class=\"has-inline-color\"><strong>But de l&rsquo;\u00e9cole :<\/strong> <\/span><\/p>\n\n\n\n<p>Permettre \u00e0 chacun de devenir meilleur \/ une meilleure version de soi-m\u00eame : <\/p>\n\n\n\n<ul><li>\u00eatre plus \u00ab\u00a0self confidence\u00a0\u00bb (=confiant) : avec le <a href=\"https:\/\/www.artforscience.eu\/en\/programme-confiance\/\" target=\"_blank\" rel=\"noreferrer noopener\">programme confiance<\/a>, que chacun poss\u00e8de les bases neurobiologiques du fonctionnement de la perte et du gain de confiance.<\/li><li>\u00eatre un parent \u00e9clair\u00e9 sur le fonctionnement c\u00e9r\u00e9brale de son enfant : devenir un parent qui accompagne les besoins de son enfant avec le <a href=\"https:\/\/www.artforscience.eu\/en\/programme-parentalite-positive\/\" target=\"_blank\" rel=\"noreferrer noopener\">programme parentalit\u00e9 positive.<\/a><\/li><\/ul>\n\n\n\n<p><span style=\"color:#998675\" class=\"has-inline-color\"><strong>Intervenants de l&rsquo;\u00e9cole :<\/strong><\/span><\/p>\n\n\n\n<p><strong>Approche p\u00e9dagogique \u00ab\u00a0neuroscience\u00a0\u00bb et \u00ab\u00a0art\u00a0\u00bb :<br><br>&#8211; intervenants neuroscientifiques :<\/strong> ce sont des <strong>neuroscientifiques <\/strong>de la <strong>France <\/strong>enti\u00e8re et du <strong>Canada<\/strong> qui viennent apporter des cl\u00e9s concr\u00e8tes pour comprendre le fonctionnement du cerveau.<br><br><strong>&#8211; intervenants artistiques :<\/strong> artistes et historiens sont les intervenants des modules artistiques pour une exploration artistique du sujet du programme. Quelles \u0153uvres embl\u00e9matiques traitent du sujet de votre programme dans l\u2019histoire de l\u2019art ? Pourquoi ? Quels messages \u00e0 travers les \u00e9poques ont \u00e9t\u00e9 transmis ?<br><\/p>\n\n\n\n<p><span style=\"color:#998675\" class=\"has-inline-color\"><strong>Fonctionnement de l&rsquo;\u00e9cole :<\/strong><\/span><\/p>\n\n\n\n<p><strong>6 modules en ligne,<\/strong> format vid\u00e9os \u00e0 \u00e9couter et r\u00e9\u00e9couter librement pendant 6 mois <\/p>\n\n\n\n<p>+<\/p>\n\n\n\n<p><strong>6 live questions\/r\u00e9ponses<\/strong> avec les intervenants du monde entier qui ont cr\u00e9er les modules avec nous.<\/p>\n\n\n\n<figure class=\"wp-block-image size-large is-resized\"><img loading=\"lazy\" src=\"https:\/\/www.artforscience.eu\/wp-content\/uploads\/2020\/10\/image-2-edited-2.png\" alt=\"\" class=\"wp-image-2662\" width=\"423\" height=\"237\" srcset=\"https:\/\/www.artforscience.eu\/wp-content\/uploads\/2020\/10\/image-2-edited-2.png 815w, https:\/\/www.artforscience.eu\/wp-content\/uploads\/2020\/10\/image-2-edited-2-300x169.png 300w, https:\/\/www.artforscience.eu\/wp-content\/uploads\/2020\/10\/image-2-edited-2-700x393.png 700w, https:\/\/www.artforscience.eu\/wp-content\/uploads\/2020\/10\/image-2-edited-2-768x432.png 768w, https:\/\/www.artforscience.eu\/wp-content\/uploads\/2020\/10\/image-2-edited-2-16x9.png 16w, https:\/\/www.artforscience.eu\/wp-content\/uploads\/2020\/10\/image-2-edited-2-600x337.png 600w\" sizes=\"(max-width: 423px) 100vw, 423px\" \/><\/figure>\n\n\n\n<p><span style=\"color:#998675\" class=\"has-inline-color\"><strong>Dur\u00e9e de l&rsquo;\u00e9cole :<\/strong><\/span><\/p>\n\n\n\n<p>6 mois (extension des acc\u00e8s possibles sur simple demande et sans sur-co\u00fbt).<\/p>\n\n\n\n<p><strong><span style=\"color:#998675\" class=\"has-inline-color\">Tarif de l&rsquo;\u00e9cole :<\/span> <\/strong><\/p>\n\n\n\n<p>A partir de 1 500\u20ac<span class=\"has-inline-color has-cyan-bluish-gray-color\"> taxes comprises<\/span> <\/p>\n\n\n\n<p>Faciliter de paiement en 3 fois sans frais par CB.<\/p>\n\n\n\n<p>Autres moyens de paiement accept\u00e9 sur simple demande : ecoleducerveau@artforscience.eu <\/p>\n\n\n\n<p>Exemple du contenu du programme Confiance : <\/p>\n\n\n\n<figure class=\"wp-block-image size-large is-resized\"><img loading=\"lazy\" src=\"https:\/\/www.artforscience.eu\/wp-content\/uploads\/2020\/10\/image-1-700x394.png\" alt=\"\" class=\"wp-image-2656\" width=\"700\" height=\"394\" srcset=\"https:\/\/www.artforscience.eu\/wp-content\/uploads\/2020\/10\/image-1-700x394.png 700w, https:\/\/www.artforscience.eu\/wp-content\/uploads\/2020\/10\/image-1-300x169.png 300w, https:\/\/www.artforscience.eu\/wp-content\/uploads\/2020\/10\/image-1-768x432.png 768w, https:\/\/www.artforscience.eu\/wp-content\/uploads\/2020\/10\/image-1-16x9.png 16w, https:\/\/www.artforscience.eu\/wp-content\/uploads\/2020\/10\/image-1-1160x653.png 1160w, https:\/\/www.artforscience.eu\/wp-content\/uploads\/2020\/10\/image-1-600x337.png 600w, https:\/\/www.artforscience.eu\/wp-content\/uploads\/2020\/10\/image-1.png 1366w\" sizes=\"(max-width: 700px) 100vw, 700px\" \/><\/figure>\n\n\n\n<p>Toutes les informations ici : <a href=\"https:\/\/www.artforscience.eu\/en\/ecole-du-cerveau\/\" target=\"_blank\" rel=\"noreferrer noopener\">https:\/\/www.artforscience.eu\/ecole-du-cerveau\/ <\/a><\/p>\n\n\n\n<figure class=\"wp-block-image\"><img alt=\"\"\/><\/figure>\n\n\n\n<p><\/p>","protected":false},"excerpt":{"rendered":"<p>Une \u00e9cole du cerveau pour les personnes qui n&rsquo;ont pas pour projet de faire m\u00e9decine mais qui s&rsquo;int\u00e9resse beaucoup \u00e0 ce qui ce passe dans le corps et le cerveau ! Une \u00e9cole du cerveau pour faire s&rsquo;exprimer la voix de la neuroscience et la voix de l&rsquo;art sur des sujets majeurs. Il nous semble [&hellip;]<\/p>","protected":false},"author":1,"featured_media":2644,"comment_status":"open","ping_status":"open","sticky":false,"template":"","format":"standard","meta":{"_mi_skip_tracking":false,"_monsterinsights_sitenote_active":false,"_monsterinsights_sitenote_note":"","_monsterinsights_sitenote_category":0,"spay_email":""},"categories":[64,62,65],"tags":[],"jetpack_featured_media_url":"https:\/\/www.artforscience.eu\/wp-content\/uploads\/2020\/10\/EcoleducerveauAFS.jpg","_links":{"self":[{"href":"https:\/\/www.artforscience.eu\/en\/wp-json\/wp\/v2\/posts\/2642"}],"collection":[{"href":"https:\/\/www.artforscience.eu\/en\/wp-json\/wp\/v2\/posts"}],"about":[{"href":"https:\/\/www.artforscience.eu\/en\/wp-json\/wp\/v2\/types\/post"}],"author":[{"embeddable":true,"href":"https:\/\/www.artforscience.eu\/en\/wp-json\/wp\/v2\/users\/1"}],"replies":[{"embeddable":true,"href":"https:\/\/www.artforscience.eu\/en\/wp-json\/wp\/v2\/comments?post=2642"}],"version-history":[{"count":13,"href":"https:\/\/www.artforscience.eu\/en\/wp-json\/wp\/v2\/posts\/2642\/revisions"}],"predecessor-version":[{"id":2664,"href":"https:\/\/www.artforscience.eu\/en\/wp-json\/wp\/v2\/posts\/2642\/revisions\/2664"}],"wp:featuredmedia":[{"embeddable":true,"href":"https:\/\/www.artforscience.eu\/en\/wp-json\/wp\/v2\/media\/2644"}],"wp:attachment":[{"href":"https:\/\/www.artforscience.eu\/en\/wp-json\/wp\/v2\/media?parent=2642"}],"wp:term":[{"taxonomy":"category","embeddable":true,"href":"https:\/\/www.artforscience.eu\/en\/wp-json\/wp\/v2\/categories?post=2642"},{"taxonomy":"post_tag","embeddable":true,"href":"https:\/\/www.artforscience.eu\/en\/wp-json\/wp\/v2\/tags?post=2642"}],"curies":[{"name":"wp","href":"https:\/\/api.w.org\/{rel}","templated":true}]}}