{"id":2788,"date":"2020-12-26T22:05:18","date_gmt":"2020-12-26T21:05:18","guid":{"rendered":"https:\/\/www.artforscience.eu\/?p=2788"},"modified":"2020-12-26T22:22:28","modified_gmt":"2020-12-26T21:22:28","slug":"le-musee-du-futur-sera-til-aussi-olfactif","status":"publish","type":"post","link":"https:\/\/www.artforscience.eu\/en\/le-musee-du-futur-sera-til-aussi-olfactif\/","title":{"rendered":"Le mus\u00e9e du futur sera t&rsquo;il aussi olfactif ?"},"content":{"rendered":"<p>Le New York Times met en lumi\u00e8re une innovation li\u00e9e \u00e0 l&rsquo;art historique : les odeurs entrent au mus\u00e9e !<\/p>\n\n\n\n<p>Des chercheuses et chercheurs olfactif mettent leur comp\u00e9tence en \u0153uvre pour nous rapprocher le plus possible des odeurs pr\u00e9sentes \u00e0 certains \u00e9poques repr\u00e9sent\u00e9es dans des oeuvres d&rsquo;art : <strong>devant le tableau de la bataille de Jan Willem Pieneman, dat\u00e9 de&nbsp;1824,<\/strong> les visiteurs du mus\u00e9e d&rsquo;Amsterdam, le Rijksmuseum, <strong>pourront sentir <\/strong>sur des bandelettes en papier ou dans des petits vaporisateurs r\u00e9unis en collier&nbsp;\u00ab\u00a0<strong>des odeurs de Waterloo\u00a0\u00bb. <\/strong><br><strong>Cette magie est rendue possible <\/strong>gr\u00e2ce \u00e0 Caro Verbeek, &nbsp;historienne de l\u2019art et chercheuse olfactive, en partenariat avec la parfumeuse Birgit Sijbrands, le cr\u00e9ateur de parfums Bernardo Fleming, d\u2019International Flavors&nbsp;&amp;&nbsp;Fragrances, et le Rijksmuseum&nbsp;d\u2019Amsterdam, dans le cadre d\u2019un projet baptis\u00e9 \u201cSur les traces des senteurs oubli\u00e9es\u201d.<\/p>\n\n\n\n<figure class=\"wp-block-image\"><img src=\"https:\/\/images.pexels.com\/photos\/2638413\/pexels-photo-2638413.jpeg?auto=compress&amp;cs=tinysrgb&amp;h=750&amp;w=1260\" alt=\"Photos gratuites de amour, amusement, aromath\u00e9rapie\"\/><figcaption>Merci \u00e0&nbsp;<strong><a href=\"https:\/\/www.pexels.com\/fr-fr\/@ionelceban?utm_content=attributionCopyText&amp;utm_medium=referral&amp;utm_source=pexels\">Ion Ceban @ionelceban<\/a><\/strong>&nbsp;pour cette photo provenant de&nbsp;<strong><a href=\"https:\/\/www.pexels.com\/fr-fr\/photo\/personne-mains-amour-femme-2638413\/?utm_content=attributionCopyText&amp;utm_medium=referral&amp;utm_source=pexels\">Pexels<\/a><\/strong><\/figcaption><\/figure>\n\n\n\n<p>\u00ab\u00a0Nous connaissons \u00e9galement les ingr\u00e9dients qui composaient le parfum de Napol\u00e9on \u2013 il s\u2019en aspergeait des litres tous les jours et en portait m\u00eame une bouteille dans sa&nbsp;botte. [&#8230;] <em>\u201cLes guerres regorgent d\u2019odeurs<\/em>, assure Caro Verbeek.&nbsp;<em>Dans leurs lettres, les soldats parlent moins de leurs blessures que de l\u2019horreur des bruits et des odeurs. C\u2019est ce qui nous permet de les conna\u00eetre.\u201d<\/em><\/p>\n\n\n\n<p>Le New York Times pr\u00e9cise que l&rsquo;odeur est le sens le plus \u00e9ph\u00e9m\u00e8re \u00ab\u00a0contrairement aux couleurs ou \u00e0 la musique\u00a0\u00bb : \u00ab\u00a0dans le domaine en plein essor des \u00e9tudes olfactives, des scientifiques, des chercheurs, des artistes, des historiens et des experts du patrimoine culturel joignent leurs comp\u00e9tences pour travailler sur le sens qui est sans doute le plus difficile \u00e0 pr\u00e9server. <br>Certains tentent de conserver les odeurs de notre \u00e9poque \u2013 en particulier celles qui n\u2019existeront peut-\u00eatre plus dans quelques d\u00e9cennies &#8211; &nbsp;<strong>Se souviendra-t-on encore dans un si\u00e8cle de celle qu\u2019exhalait une cigarette\u2009? <\/strong>\u00ab\u00a0<\/p>\n\n\n\n<p>\u00ab\u00a0Caro Verbeek ressuscite les odeurs d\u2019antan en composant un \u201cparfum\u201d associ\u00e9 \u00e0 un \u00e9v\u00e9nement historique, \u00e0 un personnage ou \u00e0 une \u0153uvre d\u2019art. C\u2019est ainsi qu\u2019elle a reconstitu\u00e9 <strong>l\u2019odeur du vestiaire de l\u2019\u00e9quipe de football des Pays-Bas <\/strong>apr\u00e8s sa<strong> victoire \u00e0 l\u2019Euro 1988<\/strong> <strong>(huile de coco, transpiration, champagne, d\u00e9odorant Fresh Up, v\u00eatements sales et une marque bien pr\u00e9cise de gel douche).<\/strong>\u00ab\u00a0<\/p>\n\n\n\n<h3>L&rsquo;art pour tous : l&rsquo;exp\u00e9rience au mus\u00e9e, \u00ab\u00a0un moyen de rendre l\u2019art plus&nbsp;accessible\u00a0\u00bb<\/h3>\n\n\n\n<p>\u00ab\u00a0L\u2019entr\u00e9e des odeurs dans les mus\u00e9es peut \u00eatre une mani\u00e8re de rendre l\u2019art plus accessible, notamment pour les visiteurs malvoyants ou non voyants, ou ceux qui souffrent de troubles mentaux. Responsable adjointe de l\u2019accessibilit\u00e9 au Metropolitan Museum of Art [de New York], Marie Clapot planche depuis quelques ann\u00e9es sur l\u2019int\u00e9gration des odeurs au mus\u00e9e.&nbsp;<em>\u201cOn a beaucoup travaill\u00e9 sur le toucher, avec des dispositifs tactiles, sur le mouvement, sur le son, et puis un jour, je me suis rendu compte qu\u2019on n\u2019avait pas fait grand-chose sur les odeurs,<\/em>&nbsp;se souvient-elle.&nbsp;<em>\u00c7a va au-del\u00e0 du c\u00f4t\u00e9 amusant. C\u2019est une mani\u00e8re de rendre une \u0153uvre d\u2019art accessible.\u201d<\/em>&nbsp;Une mani\u00e8re aussi, poursuit-elle, d\u2019int\u00e9resser \u00e0 l\u2019art des gens qui ne sont peut-\u00eatre pas sensibles \u00e0 son histoire au sens traditionnel du&nbsp;terme.\u00a0\u00bb<\/p>\n\n\n\n<p>La question 2020 avec le masque de protection sanitaire va aussi \u00eatre : est-ce possible de percevoir les odeurs de ces parfums avec un masque ? <\/p>\n\n\n\n<p>Les plus grands mus\u00e9es du monde ont encore beaucoup de bonnes surprises pour nous, soyons-confiants !<\/p>\n\n\n\n<h2>Peut-on parfumer son masque&nbsp;?<\/h2>\n\n\n\n<div class=\"wp-block-image\"><figure class=\"aligncenter\"><img src=\"https:\/\/images.pexels.com\/photos\/5492909\/pexels-photo-5492909.jpeg?auto=compress&amp;cs=tinysrgb&amp;h=750&amp;w=1260\" alt=\"Photos gratuites de \u00e0 l'int\u00e9rieur, accessoire, attentif\"\/><figcaption>Thank you !&nbsp;<strong><a href=\"https:\/\/www.pexels.com\/fr-fr\/@cleytonewerton?utm_content=attributionCopyText&amp;utm_medium=referral&amp;utm_source=pexels\">Cleyton Ewerton<\/a><\/strong>&nbsp;pour cette photo provenant de&nbsp;<strong><a href=\"https:\/\/www.pexels.com\/fr-fr\/photo\/femme-centrale-blanc-fleur-5492909\/?utm_content=attributionCopyText&amp;utm_medium=referral&amp;utm_source=pexels\">Pexels<\/a><\/strong><\/figcaption><\/figure><\/div>\n\n\n\n<p>Un article sur le parfum et le masque de protection donne l&rsquo;id\u00e9e, \u00e0 petite dose, de parfumer l\u00e9g\u00e8rement sont masque pour un quotidien plus joyeux : \u00ab\u00a0Les mati\u00e8res premi\u00e8res qui constituent encore aujourd&rsquo;hui les parfums ont des vertus antiseptiques. Au XVII\u00e8me si\u00e8cle, lors des \u00e9pid\u00e9mies de pestes, les parfumeurs avaient pour mission d&rsquo;aller d\u00e9sinfecter les lieux. Ils portaient alors un masque qui avait la forme d&rsquo;un long bec dans lequel il avait mis du parfum. Ils se prot\u00e9geaient alors des odeurs li\u00e9es \u00e0 la maladie mais aussi profitaient des vertus purificatrices de ces parfums. L&rsquo;\u00e9crivaine et experte en parfum&nbsp;Elisabeth de Feydeau propose de parfumer tr\u00e8s l\u00e9g\u00e8rement l&rsquo;int\u00e9rieur de nos masques d&rsquo;un parfum qui nous est cher. \u00c0 la mani\u00e8re d&rsquo;un doudou, vous pouvez emporter cette odeur avec vous toute la journ\u00e9e. Evidemment, tout est question de dosage. Il n&rsquo;est pas question d&rsquo;imbiber son masque ce qui lui ferait perdre ses vertus protectrices. <br>Il est \u00e9galement possible de parfumer l\u00e9g\u00e8rement un masque avec des huiles essentielles connues pour \u00eatre bonnes pour la sant\u00e9 comme l&rsquo;eucalyptus. L\u00e0 encore m\u00e9fiance. Ces produits peuvent \u00eatre allerg\u00e8nes et il convient donc de vous faire aider pour bien les choisir si ne les connaissez pas ou peu.\u00a0\u00bb <\/p>\n\n\n\n<p>Sources :<\/p>\n\n\n\n<ul><li>courrier international : <a rel=\"noreferrer noopener\" href=\"https:\/\/www.courrierinternational.com\/article\/histoire-ces-odeurs-qui-entrent-au-musee\" target=\"_blank\">https:\/\/www.courrierinternational.com\/article\/histoire-ces-odeurs-qui-entrent-au-musee <\/a><\/li><li><a rel=\"noreferrer noopener\" href=\"https:\/\/www.nytimes.com\/2020\/12\/04\/arts\/design\/smell-archives-preservation.html\" target=\"_blank\">New York Times<\/a> : Avec 1\u2009600 journalistes, 35 bureaux \u00e0 l\u2019\u00e9tranger, 130 prix Pulitzer et&nbsp;quelque 5 millions d\u2019abonn\u00e9s au total,&nbsp;<em>The New York Times<\/em>&nbsp;est de loin le premier quotidien du pays<\/li><li>pour la partie \u00ab\u00a0Peut-on parfumer son masque&nbsp;?\u00a0\u00bb la source est France Bleu <a href=\"https:\/\/www.francebleu.fr\/infos\/insolite\/peut-parfumer-nos-masques-en-temps-de-covid-1602753926\" target=\"_blank\" rel=\"noreferrer noopener\">https:\/\/www.francebleu.fr\/infos\/insolite\/peut-parfumer-nos-masques-en-temps-de-covid-1602753926 <\/a><\/li><\/ul>","protected":false},"excerpt":{"rendered":"<p>Le mus\u00e9e du futur sera t&rsquo;il aussi olfactif ? Le New York Times met en lumi\u00e8re une innovation li\u00e9e \u00e0 la mise en place d&rsquo;une exp\u00e9rience li\u00e9 aux odeurs d&rsquo;une oeuvre d&rsquo;art ! Cette magie est rendue possible gr\u00e2ce \u00e0 des personnalit\u00e9s comme Caro Verbeek,  historienne de l\u2019art et chercheuse olfactive&#8230;lire la suite<\/p>","protected":false},"author":1,"featured_media":2790,"comment_status":"closed","ping_status":"open","sticky":false,"template":"","format":"standard","meta":{"_mi_skip_tracking":false,"_monsterinsights_sitenote_active":false,"_monsterinsights_sitenote_note":"","_monsterinsights_sitenote_category":0,"spay_email":""},"categories":[61],"tags":[66,72,70,67,74,71,69,73,68],"jetpack_featured_media_url":"https:\/\/www.artforscience.eu\/wp-content\/uploads\/2020\/12\/pexels-photo-5492909.jpeg","_links":{"self":[{"href":"https:\/\/www.artforscience.eu\/en\/wp-json\/wp\/v2\/posts\/2788"}],"collection":[{"href":"https:\/\/www.artforscience.eu\/en\/wp-json\/wp\/v2\/posts"}],"about":[{"href":"https:\/\/www.artforscience.eu\/en\/wp-json\/wp\/v2\/types\/post"}],"author":[{"embeddable":true,"href":"https:\/\/www.artforscience.eu\/en\/wp-json\/wp\/v2\/users\/1"}],"replies":[{"embeddable":true,"href":"https:\/\/www.artforscience.eu\/en\/wp-json\/wp\/v2\/comments?post=2788"}],"version-history":[{"count":4,"href":"https:\/\/www.artforscience.eu\/en\/wp-json\/wp\/v2\/posts\/2788\/revisions"}],"predecessor-version":[{"id":2794,"href":"https:\/\/www.artforscience.eu\/en\/wp-json\/wp\/v2\/posts\/2788\/revisions\/2794"}],"wp:featuredmedia":[{"embeddable":true,"href":"https:\/\/www.artforscience.eu\/en\/wp-json\/wp\/v2\/media\/2790"}],"wp:attachment":[{"href":"https:\/\/www.artforscience.eu\/en\/wp-json\/wp\/v2\/media?parent=2788"}],"wp:term":[{"taxonomy":"category","embeddable":true,"href":"https:\/\/www.artforscience.eu\/en\/wp-json\/wp\/v2\/categories?post=2788"},{"taxonomy":"post_tag","embeddable":true,"href":"https:\/\/www.artforscience.eu\/en\/wp-json\/wp\/v2\/tags?post=2788"}],"curies":[{"name":"wp","href":"https:\/\/api.w.org\/{rel}","templated":true}]}}