{"id":3434,"date":"2021-06-25T20:30:41","date_gmt":"2021-06-25T19:30:41","guid":{"rendered":"https:\/\/www.artforscience.eu\/?p=3434"},"modified":"2021-06-25T20:30:45","modified_gmt":"2021-06-25T19:30:45","slug":"art-for-science-face-aux-500-dirigeants-de-france","status":"publish","type":"post","link":"https:\/\/www.artforscience.eu\/en\/art-for-science-face-aux-500-dirigeants-de-france\/","title":{"rendered":"Art For Science face aux 500 dirigeants de France"},"content":{"rendered":"<p>\u00a0<strong>1 an apr\u00e8s le lancement officielle d&rsquo;Art For Science face \u00e0 1 500 dirigeant en janvier 2020, Art For Science lance l&rsquo;ouverture de la 1<sup>\u00e8re<\/sup> \u00e9cole du cerveau de France <\/strong>qui s\u2019appelle Art For Science Academy.<\/p>\n\n\n\n<p>En janvier 2020, Art For Science est mont\u00e9e sur la sc\u00e8ne de la Cit\u00e9 Internationale de Lyon au Congr\u00e8s Entreprise du Futur pour faire la d\u00e9monstration de la plasticit\u00e9 c\u00e9r\u00e9brale. M\u00e9lanie Dal Gobbo et Thomas Roubira, co-fondateurs d\u2019Art For Science, on montr\u00e9 que m\u00eame amput\u00e9 de la jambe gauche et du cerveau gauche, <strong>nous pouvons vivre avec la moiti\u00e9 d\u2019un cerveau en moins, une vie d\u2019entrepreneur et de p\u00e8re de famille car notre cerveau a un potentiel d\u2019adaptation et de d\u00e9veloppement \u00e9norme et sous-\u00e9valu\u00e9 par chacun car on ne le stimule pas assez de la bonne fa\u00e7on. <\/strong><\/p>\n\n\n\n<p>Le 1er juillet 2021, Art For Science va aller plus loin en vous partageant une keynote en exclusivit\u00e9 pour EDFutur, issu d\u2019Art For Science Academy\u00a0dont le sujet est : <strong>quand notre cerveau est \u00e0 bout, quand notre capital \u00ab\u00a0sant\u00e9 mentale\u00a0\u00bb est en faillite, certaine personne commette l\u2019irr\u00e9parable\u00a0: elles sont dangereuse pour elle-m\u00eame et les autres, et peuvent aller jusqu\u2019\u00e0 commettre des meurtres<\/strong>\u00a0<strong>.<\/strong> Karima Kalhaoui, coll\u00e8gue au sein d\u2019Art For Science Academy <strong>est neuropsychologue<\/strong> \u00e0 L\u2019institut national de psychiatrie l\u00e9gale Philippe Pinel situ\u00e9 \u00e0 Montr\u00e9al. Il s\u2019agit du plus grand institut de psychiatrie l\u00e9gale du Canada. Elle raconte comment les cerveaux d\u00e9rapent, <strong>et comment g\u00e9rer les situations les plus complexes.<\/strong><\/p>\n\n\n\n<p>Art For Science fait partie des 5 speackers h\u00e9ros du 6\u00e8me congr\u00e8s d&rsquo;Entreprise du Futur aux c\u00f4t\u00e9s de :<\/p>\n\n\n\n<figure class=\"wp-block-image size-large\"><img loading=\"lazy\" width=\"700\" height=\"366\" src=\"https:\/\/www.artforscience.eu\/wp-content\/uploads\/2021\/06\/ArtForScienceEdfutur1erjuillet2021-1-700x366.jpg\" alt=\"\" class=\"wp-image-3437\" srcset=\"https:\/\/www.artforscience.eu\/wp-content\/uploads\/2021\/06\/ArtForScienceEdfutur1erjuillet2021-1-700x366.jpg 700w, https:\/\/www.artforscience.eu\/wp-content\/uploads\/2021\/06\/ArtForScienceEdfutur1erjuillet2021-1-300x157.jpg 300w, https:\/\/www.artforscience.eu\/wp-content\/uploads\/2021\/06\/ArtForScienceEdfutur1erjuillet2021-1-768x401.jpg 768w, https:\/\/www.artforscience.eu\/wp-content\/uploads\/2021\/06\/ArtForScienceEdfutur1erjuillet2021-1-16x8.jpg 16w, https:\/\/www.artforscience.eu\/wp-content\/uploads\/2021\/06\/ArtForScienceEdfutur1erjuillet2021-1-600x314.jpg 600w, https:\/\/www.artforscience.eu\/wp-content\/uploads\/2021\/06\/ArtForScienceEdfutur1erjuillet2021-1.jpg 1200w\" sizes=\"(max-width: 700px) 100vw, 700px\" \/><\/figure>\n\n\n\n<p>Merci aux partenaires :<\/p>\n\n\n\n<figure class=\"wp-block-image size-large\"><img loading=\"lazy\" width=\"700\" height=\"366\" src=\"https:\/\/www.artforscience.eu\/wp-content\/uploads\/2021\/06\/ART-FOR-SCIENCE-PARTENAIRE-EDFUTUR-1-700x366.jpg\" alt=\"\" class=\"wp-image-3438\" srcset=\"https:\/\/www.artforscience.eu\/wp-content\/uploads\/2021\/06\/ART-FOR-SCIENCE-PARTENAIRE-EDFUTUR-1-700x366.jpg 700w, https:\/\/www.artforscience.eu\/wp-content\/uploads\/2021\/06\/ART-FOR-SCIENCE-PARTENAIRE-EDFUTUR-1-300x157.jpg 300w, https:\/\/www.artforscience.eu\/wp-content\/uploads\/2021\/06\/ART-FOR-SCIENCE-PARTENAIRE-EDFUTUR-1-768x401.jpg 768w, https:\/\/www.artforscience.eu\/wp-content\/uploads\/2021\/06\/ART-FOR-SCIENCE-PARTENAIRE-EDFUTUR-1-16x8.jpg 16w, https:\/\/www.artforscience.eu\/wp-content\/uploads\/2021\/06\/ART-FOR-SCIENCE-PARTENAIRE-EDFUTUR-1-600x314.jpg 600w, https:\/\/www.artforscience.eu\/wp-content\/uploads\/2021\/06\/ART-FOR-SCIENCE-PARTENAIRE-EDFUTUR-1.jpg 1200w\" sizes=\"(max-width: 700px) 100vw, 700px\" \/><\/figure>\n\n\n\n<hr class=\"wp-block-separator\"\/>","protected":false},"excerpt":{"rendered":"<p>\u00a01 an apr\u00e8s le lancement officielle d&rsquo;Art For Science face \u00e0 1 500 dirigeant en janvier 2020, Art For Science lance l&rsquo;ouverture de la 1\u00e8re \u00e9cole du cerveau de France qui s\u2019appelle Art For Science Academy. En janvier 2020, Art For Science est mont\u00e9e sur la sc\u00e8ne de la Cit\u00e9 Internationale de Lyon au Congr\u00e8s [&hellip;]<\/p>","protected":false},"author":1,"featured_media":3435,"comment_status":"open","ping_status":"open","sticky":false,"template":"","format":"standard","meta":{"_mi_skip_tracking":false,"_monsterinsights_sitenote_active":false,"_monsterinsights_sitenote_note":"","_monsterinsights_sitenote_category":0,"spay_email":""},"categories":[64],"tags":[],"jetpack_featured_media_url":"https:\/\/www.artforscience.eu\/wp-content\/uploads\/2021\/06\/ArtForScienceEdfutur1erjuillet2021.jpg","_links":{"self":[{"href":"https:\/\/www.artforscience.eu\/en\/wp-json\/wp\/v2\/posts\/3434"}],"collection":[{"href":"https:\/\/www.artforscience.eu\/en\/wp-json\/wp\/v2\/posts"}],"about":[{"href":"https:\/\/www.artforscience.eu\/en\/wp-json\/wp\/v2\/types\/post"}],"author":[{"embeddable":true,"href":"https:\/\/www.artforscience.eu\/en\/wp-json\/wp\/v2\/users\/1"}],"replies":[{"embeddable":true,"href":"https:\/\/www.artforscience.eu\/en\/wp-json\/wp\/v2\/comments?post=3434"}],"version-history":[{"count":1,"href":"https:\/\/www.artforscience.eu\/en\/wp-json\/wp\/v2\/posts\/3434\/revisions"}],"predecessor-version":[{"id":3439,"href":"https:\/\/www.artforscience.eu\/en\/wp-json\/wp\/v2\/posts\/3434\/revisions\/3439"}],"wp:featuredmedia":[{"embeddable":true,"href":"https:\/\/www.artforscience.eu\/en\/wp-json\/wp\/v2\/media\/3435"}],"wp:attachment":[{"href":"https:\/\/www.artforscience.eu\/en\/wp-json\/wp\/v2\/media?parent=3434"}],"wp:term":[{"taxonomy":"category","embeddable":true,"href":"https:\/\/www.artforscience.eu\/en\/wp-json\/wp\/v2\/categories?post=3434"},{"taxonomy":"post_tag","embeddable":true,"href":"https:\/\/www.artforscience.eu\/en\/wp-json\/wp\/v2\/tags?post=3434"}],"curies":[{"name":"wp","href":"https:\/\/api.w.org\/{rel}","templated":true}]}}