{"id":3676,"date":"2022-06-07T23:05:19","date_gmt":"2022-06-07T22:05:19","guid":{"rendered":"https:\/\/www.artforscience.eu\/?p=3676"},"modified":"2022-06-07T23:06:20","modified_gmt":"2022-06-07T22:06:20","slug":"art-for-science-invite-au-palais-des-nations-unies-avec-loms","status":"publish","type":"post","link":"https:\/\/www.artforscience.eu\/en\/art-for-science-invite-au-palais-des-nations-unies-avec-loms\/","title":{"rendered":"Art For Science invit\u00e9 au Palais des Nations Unies avec l&rsquo;OMS"},"content":{"rendered":"<p>Ev\u00e8nement cl\u00e9 le 14 juin 2022<\/p>\n\n\n\n<p><strong>Art For Science, une association de Saint-Martin invit\u00e9e au Palais des Nations, au si\u00e8ge de l\u2019ONU, \u00e0 Gen\u00e8ve, pour parler Art &amp; Sant\u00e9<\/strong><\/p>\n\n\n\n<p><em>Mardi prochain, le 14 juin 2022 au Palais des Nations de Gen\u00e8ve, va se d\u00e9rouler une exposition intitul\u00e9e \u00ab Art to be alive \u00bb, suivie d\u2019\u00e9changes sur le th\u00e8me de l\u2019art et la sant\u00e9. L\u2019exposition sera compos\u00e9e d\u2019\u0153uvres d\u2019art issues de l\u2019Association Art For Science, bas\u00e9e \u00e0 Saint-Martin.<\/em><\/p>\n\n\n\n<p>Cet \u00e9v\u00e8nement <strong>international <\/strong>sera l\u2019occasion pour l\u2019association de rappeler ses 3 combats :<\/p>\n\n\n\n<ol type=\"1\"><li>D\u00e9fendre et raconter les pouvoirs du cerveau \u00e0 chacun <em>(enfants, ados, adultes)<\/em><\/li><li>Expliquer que l\u2019art est une source de stimulation c\u00e9r\u00e9brale qui peut aider \u00e0 la gu\u00e9rison, aider \u00e0 garder une bonne sant\u00e9, aider \u00e0 s\u2019en sortir <em>(pr\u00e9carit\u00e9 et autres situations),<\/em><\/li><li>Aider les chercheurs qui luttent contre les tumeurs c\u00e9r\u00e9brales des adultes et des enfants <em>(2<sup>\u00e8me<\/sup> cause de cancer chez l\u2019enfant).<\/em><\/li><\/ol>\n\n\n\n<p>2 ans seulement apr\u00e8s sa cr\u00e9ation et forte de sa communaut\u00e9 tr\u00e8s active, Art For Science, <strong>raconte le cerveau \u00e0 tous et d\u00e9montre qu\u2019il est possible de vivre avec la moiti\u00e9 d\u2019un cerveau en moins une vie d\u2019entrepreneur et de p\u00e8re de famille <\/strong>(car telle est l\u2019histoire des co-fondateurs <a href=\"https:\/\/youtu.be\/Vhf3n6tMOG4\">\u00e0 retrouver ici<\/a> <em>FR sous-titr\u00e9 anglais<\/em>).<\/p>\n\n\n\n<figure class=\"wp-block-image size-large\"><img loading=\"lazy\" width=\"700\" height=\"680\" src=\"https:\/\/www.artforscience.eu\/wp-content\/uploads\/2022\/06\/Unis-vers-lUni-Art-For-Science-700x680.jpg\" alt=\"\" class=\"wp-image-3681\" srcset=\"https:\/\/www.artforscience.eu\/wp-content\/uploads\/2022\/06\/Unis-vers-lUni-Art-For-Science-700x680.jpg 700w, https:\/\/www.artforscience.eu\/wp-content\/uploads\/2022\/06\/Unis-vers-lUni-Art-For-Science-300x291.jpg 300w, https:\/\/www.artforscience.eu\/wp-content\/uploads\/2022\/06\/Unis-vers-lUni-Art-For-Science-768x746.jpg 768w, https:\/\/www.artforscience.eu\/wp-content\/uploads\/2022\/06\/Unis-vers-lUni-Art-For-Science-1536x1491.jpg 1536w, https:\/\/www.artforscience.eu\/wp-content\/uploads\/2022\/06\/Unis-vers-lUni-Art-For-Science-2048x1988.jpg 2048w, https:\/\/www.artforscience.eu\/wp-content\/uploads\/2022\/06\/Unis-vers-lUni-Art-For-Science-12x12.jpg 12w, https:\/\/www.artforscience.eu\/wp-content\/uploads\/2022\/06\/Unis-vers-lUni-Art-For-Science-600x583.jpg 600w\" sizes=\"(max-width: 700px) 100vw, 700px\" \/><figcaption> l&rsquo;une des oeuvres choisit par l&rsquo;OMS &#8211; Unis vers l&rsquo;Uni by Soeurs tripl\u00e9es Bastelica repr\u00e9sentant les co-fondateurs d&rsquo;Art For Science<\/figcaption><\/figure>\n\n\n\n<p><em>Art For Science au Geneva Health Forum 2022 avec l\u2019Organisation Mondiale de la Sant\u00e9 \u2013 M\u00e9lanie Dal Gobbo en veste blanche&nbsp;: co-fondatrice d\u2019Art For Science et habitante Saint-martinoise.<\/em><\/p>\n\n\n\n<p>Forte de l\u2019int\u00e9r\u00eat grandissant du grand public et des organisations au sujet des <strong>capacit\u00e9s de nos cerveaux et des bienfaits de l\u2019art comme outils pour r\u00e9v\u00e9ler son cerveau et s\u2019en sortir<\/strong>, l\u2019association Saint-Martinoise participe \u00e0 cet engouement en s\u2019associant \u00e0 des partenaires partageant les m\u00eames valeurs humaines&nbsp;et ainsi faire entendre leurs messages au plus grand nombre. L\u2019une des associations partenaires&nbsp;&#8211; L\u2019invitation \u00e0 la beaut\u00e9 \u2013 accompagnera Art For Science au Palais des Nations Unies&nbsp;: ce sera l\u2019occasion d\u2019entendre les fondatrices de ces 2 associations, M\u00e9lanie Dal Gobbo pour Art For Science et Laure Mayoud pour L\u2019invitation \u00e0 la beaut\u00e9, <strong>\u00e9changer ensemble sur le sujet des effets de l\u2019art et du beau sur la sant\u00e9<\/strong>. Art For Science travaille main dans la main avec toutes les associations.<\/p>\n\n\n\n<p><\/p>\n\n\n\n<figure class=\"wp-block-image size-large\"><img loading=\"lazy\" width=\"700\" height=\"394\" src=\"https:\/\/www.artforscience.eu\/wp-content\/uploads\/2022\/06\/AFS_GENEVAHEALTHFORUM-700x394.png\" alt=\"\" class=\"wp-image-3678\" srcset=\"https:\/\/www.artforscience.eu\/wp-content\/uploads\/2022\/06\/AFS_GENEVAHEALTHFORUM-700x394.png 700w, https:\/\/www.artforscience.eu\/wp-content\/uploads\/2022\/06\/AFS_GENEVAHEALTHFORUM-300x169.png 300w, https:\/\/www.artforscience.eu\/wp-content\/uploads\/2022\/06\/AFS_GENEVAHEALTHFORUM-768x432.png 768w, https:\/\/www.artforscience.eu\/wp-content\/uploads\/2022\/06\/AFS_GENEVAHEALTHFORUM-1536x864.png 1536w, https:\/\/www.artforscience.eu\/wp-content\/uploads\/2022\/06\/AFS_GENEVAHEALTHFORUM-18x10.png 18w, https:\/\/www.artforscience.eu\/wp-content\/uploads\/2022\/06\/AFS_GENEVAHEALTHFORUM-1160x653.png 1160w, https:\/\/www.artforscience.eu\/wp-content\/uploads\/2022\/06\/AFS_GENEVAHEALTHFORUM-600x338.png 600w, https:\/\/www.artforscience.eu\/wp-content\/uploads\/2022\/06\/AFS_GENEVAHEALTHFORUM.png 1920w\" sizes=\"(max-width: 700px) 100vw, 700px\" \/><\/figure>\n\n\n\n<figure class=\"wp-block-image size-large\"><img loading=\"lazy\" width=\"700\" height=\"350\" src=\"https:\/\/www.artforscience.eu\/wp-content\/uploads\/2022\/06\/1651917816313-700x350.jpg\" alt=\"\" class=\"wp-image-3679\" srcset=\"https:\/\/www.artforscience.eu\/wp-content\/uploads\/2022\/06\/1651917816313-700x350.jpg 700w, https:\/\/www.artforscience.eu\/wp-content\/uploads\/2022\/06\/1651917816313-300x150.jpg 300w, https:\/\/www.artforscience.eu\/wp-content\/uploads\/2022\/06\/1651917816313-768x384.jpg 768w, https:\/\/www.artforscience.eu\/wp-content\/uploads\/2022\/06\/1651917816313-18x9.jpg 18w, https:\/\/www.artforscience.eu\/wp-content\/uploads\/2022\/06\/1651917816313-600x300.jpg 600w, https:\/\/www.artforscience.eu\/wp-content\/uploads\/2022\/06\/1651917816313.jpg 1280w\" sizes=\"(max-width: 700px) 100vw, 700px\" \/><figcaption>M\u00e9lanie Dal Gobbo, co-fondatrice d&rsquo;Art For Science au Geneva Health Forum avec l&rsquo;\u00e9quipe Art For Science &#8211; mai 2022<\/figcaption><\/figure>\n\n\n\n<p>Art For Science a d\u00e9j\u00e0 fait une exposition avec l\u2019Organisation Mondiale de la Sant\u00e9 en mai 2022, \u00e9v\u00e8nement qui fut un grand succ\u00e8s&nbsp;: Art For Science va se d\u00e9velopper en Chine (Shangha\u00ef), en Inde, aux US c\u00f4te est, au Canada et toujours \u00e0 Saint-Martin et en M\u00e9tropole. Ce mois de juin marque une confirmation de la place internationale d\u2019Art For Science puisque c\u2019est au Palais des Nations Unies que cette fois-ci l\u2019association prend place. Un autre lieu international d\u2019exception qui invite Art For Science. Rendez-vous donc au Palais des Nations ou sur les r\u00e9seaux sociaux d\u2019Art For Science pour suivre cette exposition-\u00e9v\u00e8nement de 2022. L\u2019\u00e9v\u00e8nement est ouvert au public, sur inscription sur le site du palais&nbsp;: <a href=\"https:\/\/indico.un.org\/e\/arttobeAlive\">https:\/\/indico.un.org\/e\/arttobeAlive<\/a><\/p>\n\n\n\n<p>Une belle r\u00e9ussite pour une association Saint-Martinoise qui participent aux \u00e9changes sur la sant\u00e9 et qui agit sur le terrain pour que l\u2019art et la connaissance sur le cerveau servent \u00e0 tous&nbsp;:<\/p>\n\n\n\n<ul><li>Les enfants<\/li><li>Les adolescents<\/li><li>Les adultes<\/li><li>Les s\u00e9niors<\/li><\/ul>\n\n\n\n<figure class=\"wp-block-image size-large\"><img loading=\"lazy\" width=\"700\" height=\"394\" src=\"https:\/\/www.artforscience.eu\/wp-content\/uploads\/2022\/06\/AFSprimairecollege2021-700x394.png\" alt=\"\" class=\"wp-image-3680\" srcset=\"https:\/\/www.artforscience.eu\/wp-content\/uploads\/2022\/06\/AFSprimairecollege2021-700x394.png 700w, https:\/\/www.artforscience.eu\/wp-content\/uploads\/2022\/06\/AFSprimairecollege2021-300x169.png 300w, https:\/\/www.artforscience.eu\/wp-content\/uploads\/2022\/06\/AFSprimairecollege2021-768x432.png 768w, https:\/\/www.artforscience.eu\/wp-content\/uploads\/2022\/06\/AFSprimairecollege2021-18x10.png 18w, https:\/\/www.artforscience.eu\/wp-content\/uploads\/2022\/06\/AFSprimairecollege2021-1160x653.png 1160w, https:\/\/www.artforscience.eu\/wp-content\/uploads\/2022\/06\/AFSprimairecollege2021-600x338.png 600w, https:\/\/www.artforscience.eu\/wp-content\/uploads\/2022\/06\/AFSprimairecollege2021.png 1358w\" sizes=\"(max-width: 700px) 100vw, 700px\" \/><figcaption>Art For Science Kids \u00e0 Saint-Martin (97150)<\/figcaption><\/figure>\n\n\n\n<p>Dans toutes les situations de la vie&nbsp;:<\/p>\n\n\n\n<p>&#8211; la pr\u00e9vention,<\/p>\n\n\n\n<p>&#8211; la gu\u00e9rison,<\/p>\n\n\n\n<p>&#8211; l\u2019insertion, la r\u00e9insertion,<\/p>\n\n\n\n<p>&#8211; le raccrochage scolaire,<\/p>\n\n\n\n<p>&#8211; la lutte contre la pauvret\u00e9,<\/p>\n\n\n\n<p>&#8211; la lutte contre la douleur.<\/p>\n\n\n\n<p>Sur Saint-Martin Art For Science est d\u00e9j\u00e0 intervenus dans plusieurs \u00e9tablissements scolaires de la primaire au lyc\u00e9e et souhaite travailler avec la SESSAD et COBRACED pour aider les jeunes de 6 \u00e0 16 ans dans leurs d\u00e9fis. En cours de discussion. L\u2019un des messages-cl\u00e9s d\u2019Art For Science est d\u2019expliquer d\u2019un part que chaque cerveau \u00e0 une capacit\u00e9 infinie d\u2019adaption et d\u2019apprentissage, et d\u2019autre part qu\u2019il y a des astuces pour prendre soin de son cerveau et par ricochet de sa sant\u00e9 et de sa vie, gr\u00e2ce \u00e0 la peinture, la musique, la photo et tous les arts.<\/p>\n\n\n\n<p>Facebook&nbsp;<a href=\"https:\/\/www.facebook.com\/Art-For-Science-105612697488567\/\">@artforscience<\/a> | LinkedIn <a href=\"https:\/\/www.linkedin.com\/company\/association-art-for-science\">@Association Art For Science<\/a> | Twitter<a href=\"https:\/\/twitter.com\/_ArtForScience_\"> _ArtForScience_<\/a> | Instagram&nbsp;<a href=\"https:\/\/www.instagram.com\/artforscience.eu\/?hl=fr\">@artforscience.eu<\/a><\/p>\n\n\n\n<p><a href=\"file:\/\/\/C:\/Users\/Melanie\/Downloads\/Adh\u00e9rer \u00e0 l'association&nbsp;\">Adh\u00e9rer \u00e0 l&rsquo;association&nbsp;<\/a> : <a href=\"https:\/\/www.helloasso.com\/associations\/art-for-science\/adhesions\/adherer-a-art-for-science-academy-2\">https:\/\/www.helloasso.com\/associations\/art-for-science\/adhesions\/adherer-a-art-for-science-academy-2<\/a><\/p>","protected":false},"excerpt":{"rendered":"<p>Ev\u00e8nement cl\u00e9 le 14 juin 2022 Art For Science, une association de Saint-Martin invit\u00e9e au Palais des Nations, au si\u00e8ge de l\u2019ONU, \u00e0 Gen\u00e8ve, pour parler Art &amp; Sant\u00e9 Mardi prochain, le 14 juin 2022 au Palais des Nations de Gen\u00e8ve, va se d\u00e9rouler une exposition intitul\u00e9e \u00ab Art to be alive \u00bb, suivie d\u2019\u00e9changes [&hellip;]<\/p>","protected":false},"author":1,"featured_media":3677,"comment_status":"open","ping_status":"open","sticky":false,"template":"","format":"standard","meta":{"_mi_skip_tracking":false,"_monsterinsights_sitenote_active":false,"_monsterinsights_sitenote_note":"","_monsterinsights_sitenote_category":0,"spay_email":""},"categories":[64],"tags":[],"jetpack_featured_media_url":"https:\/\/www.artforscience.eu\/wp-content\/uploads\/2022\/06\/ART-FOR-SCIENCE-A-Lonu-1.png","_links":{"self":[{"href":"https:\/\/www.artforscience.eu\/en\/wp-json\/wp\/v2\/posts\/3676"}],"collection":[{"href":"https:\/\/www.artforscience.eu\/en\/wp-json\/wp\/v2\/posts"}],"about":[{"href":"https:\/\/www.artforscience.eu\/en\/wp-json\/wp\/v2\/types\/post"}],"author":[{"embeddable":true,"href":"https:\/\/www.artforscience.eu\/en\/wp-json\/wp\/v2\/users\/1"}],"replies":[{"embeddable":true,"href":"https:\/\/www.artforscience.eu\/en\/wp-json\/wp\/v2\/comments?post=3676"}],"version-history":[{"count":2,"href":"https:\/\/www.artforscience.eu\/en\/wp-json\/wp\/v2\/posts\/3676\/revisions"}],"predecessor-version":[{"id":3683,"href":"https:\/\/www.artforscience.eu\/en\/wp-json\/wp\/v2\/posts\/3676\/revisions\/3683"}],"wp:featuredmedia":[{"embeddable":true,"href":"https:\/\/www.artforscience.eu\/en\/wp-json\/wp\/v2\/media\/3677"}],"wp:attachment":[{"href":"https:\/\/www.artforscience.eu\/en\/wp-json\/wp\/v2\/media?parent=3676"}],"wp:term":[{"taxonomy":"category","embeddable":true,"href":"https:\/\/www.artforscience.eu\/en\/wp-json\/wp\/v2\/categories?post=3676"},{"taxonomy":"post_tag","embeddable":true,"href":"https:\/\/www.artforscience.eu\/en\/wp-json\/wp\/v2\/tags?post=3676"}],"curies":[{"name":"wp","href":"https:\/\/api.w.org\/{rel}","templated":true}]}}