{"id":3966,"date":"2023-02-02T20:06:57","date_gmt":"2023-02-02T19:06:57","guid":{"rendered":"https:\/\/www.artforscience.eu\/?p=3966"},"modified":"2023-02-07T14:13:35","modified_gmt":"2023-02-07T13:13:35","slug":"event-art-for-science-du-28-janvier-2023","status":"publish","type":"post","link":"https:\/\/www.artforscience.eu\/en\/event-art-for-science-du-28-janvier-2023\/","title":{"rendered":"Event Art For Science du 28 janvier 2023"},"content":{"rendered":"<p>Le 28 janvier 2023 \u00e0 Lyon, chez un partenaire historique d&rsquo;Art For Science, RBC Mobilier, au 42 quai Rambaud \u00e0 Lyon Confluence  a eu lieu une conf\u00e9rence-expo d&rsquo;Art For Science sur les bienfaits de l&rsquo;art sur le cerveau.<\/p>\n\n\n\n<p>Une introduction en hommage au co-fondateur Thomas Roubira a \u00e9t\u00e9 rendue par l&rsquo;ensemble de l&rsquo;\u00e9quipe d&rsquo;Art For Science et le public. <br>Une conf\u00e9rence de lancement de l&rsquo;association avait \u00e9t\u00e9 faite dans ce m\u00eame lieu, 3 ans plus t\u00f4t, avec au micro les co-fondateurs qui transmettaient qu\u2019il est possible de vivre avec la moiti\u00e9 de son cerveau une vie d\u2019entrepreneur et de p\u00e8re de famille, <strong>gr\u00e2ce aux \u00e9quipes du Pr Hugues Duffau <\/strong>qui lui ont amput\u00e9 une partie de son cerveau gauche pour tripler son esp\u00e9rance de vie.<\/p>\n\n\n\n<figure class=\"wp-block-gallery columns-3 is-cropped\"><ul class=\"blocks-gallery-grid\"><li class=\"blocks-gallery-item\"><figure><img loading=\"lazy\" width=\"525\" height=\"700\" src=\"https:\/\/www.artforscience.eu\/wp-content\/uploads\/2023\/02\/AFS_photo_evenement28janvier2023-2-525x700.jpg\" alt=\"Photos AFS 28 janvier 2023\" data-id=\"3967\" data-full-url=\"https:\/\/www.artforscience.eu\/wp-content\/uploads\/2023\/02\/AFS_photo_evenement28janvier2023-2-scaled.jpg\" data-link=\"https:\/\/www.artforscience.eu\/?attachment_id=3967\" class=\"wp-image-3967\" srcset=\"https:\/\/www.artforscience.eu\/wp-content\/uploads\/2023\/02\/AFS_photo_evenement28janvier2023-2-525x700.jpg 525w, https:\/\/www.artforscience.eu\/wp-content\/uploads\/2023\/02\/AFS_photo_evenement28janvier2023-2-225x300.jpg 225w, https:\/\/www.artforscience.eu\/wp-content\/uploads\/2023\/02\/AFS_photo_evenement28janvier2023-2-768x1024.jpg 768w, https:\/\/www.artforscience.eu\/wp-content\/uploads\/2023\/02\/AFS_photo_evenement28janvier2023-2-1152x1536.jpg 1152w, https:\/\/www.artforscience.eu\/wp-content\/uploads\/2023\/02\/AFS_photo_evenement28janvier2023-2-1536x2048.jpg 1536w, https:\/\/www.artforscience.eu\/wp-content\/uploads\/2023\/02\/AFS_photo_evenement28janvier2023-2-9x12.jpg 9w, https:\/\/www.artforscience.eu\/wp-content\/uploads\/2023\/02\/AFS_photo_evenement28janvier2023-2-600x800.jpg 600w, https:\/\/www.artforscience.eu\/wp-content\/uploads\/2023\/02\/AFS_photo_evenement28janvier2023-2-scaled.jpg 1920w\" sizes=\"(max-width: 525px) 100vw, 525px\" \/><figcaption class=\"blocks-gallery-item__caption\">Jean-Philippe Hugnot chercheur et professeur en neuroscience<\/figcaption><\/figure><\/li><li class=\"blocks-gallery-item\"><figure><img loading=\"lazy\" width=\"525\" height=\"700\" src=\"https:\/\/www.artforscience.eu\/wp-content\/uploads\/2023\/02\/AFS_photo_evenement28janvier2023-4-525x700.jpg\" alt=\"\" data-id=\"3968\" data-full-url=\"https:\/\/www.artforscience.eu\/wp-content\/uploads\/2023\/02\/AFS_photo_evenement28janvier2023-4-scaled.jpg\" data-link=\"https:\/\/www.artforscience.eu\/?attachment_id=3968\" class=\"wp-image-3968\" srcset=\"https:\/\/www.artforscience.eu\/wp-content\/uploads\/2023\/02\/AFS_photo_evenement28janvier2023-4-525x700.jpg 525w, https:\/\/www.artforscience.eu\/wp-content\/uploads\/2023\/02\/AFS_photo_evenement28janvier2023-4-225x300.jpg 225w, https:\/\/www.artforscience.eu\/wp-content\/uploads\/2023\/02\/AFS_photo_evenement28janvier2023-4-768x1024.jpg 768w, https:\/\/www.artforscience.eu\/wp-content\/uploads\/2023\/02\/AFS_photo_evenement28janvier2023-4-1152x1536.jpg 1152w, https:\/\/www.artforscience.eu\/wp-content\/uploads\/2023\/02\/AFS_photo_evenement28janvier2023-4-1536x2048.jpg 1536w, https:\/\/www.artforscience.eu\/wp-content\/uploads\/2023\/02\/AFS_photo_evenement28janvier2023-4-9x12.jpg 9w, https:\/\/www.artforscience.eu\/wp-content\/uploads\/2023\/02\/AFS_photo_evenement28janvier2023-4-600x800.jpg 600w, https:\/\/www.artforscience.eu\/wp-content\/uploads\/2023\/02\/AFS_photo_evenement28janvier2023-4-scaled.jpg 1920w\" sizes=\"(max-width: 525px) 100vw, 525px\" \/><figcaption class=\"blocks-gallery-item__caption\">Jean-Philippe Hugnot chercheur et professeur en neuroscience<\/figcaption><\/figure><\/li><li class=\"blocks-gallery-item\"><figure><img loading=\"lazy\" width=\"700\" height=\"525\" src=\"https:\/\/www.artforscience.eu\/wp-content\/uploads\/2023\/02\/AFS_photo_evenement28janvier2023-8-700x525.jpg\" alt=\"\" data-id=\"3969\" data-full-url=\"https:\/\/www.artforscience.eu\/wp-content\/uploads\/2023\/02\/AFS_photo_evenement28janvier2023-8-scaled.jpg\" data-link=\"https:\/\/www.artforscience.eu\/?attachment_id=3969\" class=\"wp-image-3969\" srcset=\"https:\/\/www.artforscience.eu\/wp-content\/uploads\/2023\/02\/AFS_photo_evenement28janvier2023-8-700x525.jpg 700w, https:\/\/www.artforscience.eu\/wp-content\/uploads\/2023\/02\/AFS_photo_evenement28janvier2023-8-300x225.jpg 300w, https:\/\/www.artforscience.eu\/wp-content\/uploads\/2023\/02\/AFS_photo_evenement28janvier2023-8-768x576.jpg 768w, https:\/\/www.artforscience.eu\/wp-content\/uploads\/2023\/02\/AFS_photo_evenement28janvier2023-8-1536x1152.jpg 1536w, https:\/\/www.artforscience.eu\/wp-content\/uploads\/2023\/02\/AFS_photo_evenement28janvier2023-8-2048x1536.jpg 2048w, https:\/\/www.artforscience.eu\/wp-content\/uploads\/2023\/02\/AFS_photo_evenement28janvier2023-8-16x12.jpg 16w, https:\/\/www.artforscience.eu\/wp-content\/uploads\/2023\/02\/AFS_photo_evenement28janvier2023-8-600x450.jpg 600w\" sizes=\"(max-width: 700px) 100vw, 700px\" \/><figcaption class=\"blocks-gallery-item__caption\">Le public lyonnais est venu nombreux<\/figcaption><\/figure><\/li><li class=\"blocks-gallery-item\"><figure><img loading=\"lazy\" width=\"525\" height=\"700\" src=\"https:\/\/www.artforscience.eu\/wp-content\/uploads\/2023\/02\/AFS_photo_evenement28janvier2023-10-525x700.jpg\" alt=\"\" data-id=\"3970\" data-full-url=\"https:\/\/www.artforscience.eu\/wp-content\/uploads\/2023\/02\/AFS_photo_evenement28janvier2023-10-scaled.jpg\" data-link=\"https:\/\/www.artforscience.eu\/?attachment_id=3970\" class=\"wp-image-3970\" srcset=\"https:\/\/www.artforscience.eu\/wp-content\/uploads\/2023\/02\/AFS_photo_evenement28janvier2023-10-525x700.jpg 525w, https:\/\/www.artforscience.eu\/wp-content\/uploads\/2023\/02\/AFS_photo_evenement28janvier2023-10-225x300.jpg 225w, https:\/\/www.artforscience.eu\/wp-content\/uploads\/2023\/02\/AFS_photo_evenement28janvier2023-10-768x1024.jpg 768w, https:\/\/www.artforscience.eu\/wp-content\/uploads\/2023\/02\/AFS_photo_evenement28janvier2023-10-1152x1536.jpg 1152w, https:\/\/www.artforscience.eu\/wp-content\/uploads\/2023\/02\/AFS_photo_evenement28janvier2023-10-1536x2048.jpg 1536w, https:\/\/www.artforscience.eu\/wp-content\/uploads\/2023\/02\/AFS_photo_evenement28janvier2023-10-9x12.jpg 9w, https:\/\/www.artforscience.eu\/wp-content\/uploads\/2023\/02\/AFS_photo_evenement28janvier2023-10-600x800.jpg 600w, https:\/\/www.artforscience.eu\/wp-content\/uploads\/2023\/02\/AFS_photo_evenement28janvier2023-10-scaled.jpg 1920w\" sizes=\"(max-width: 525px) 100vw, 525px\" \/><figcaption class=\"blocks-gallery-item__caption\">Jean-Philippe Hugnot chercheur et professeur en neuroscience \u00e0 Montpellier<\/figcaption><\/figure><\/li><li class=\"blocks-gallery-item\"><figure><img loading=\"lazy\" width=\"525\" height=\"700\" src=\"https:\/\/www.artforscience.eu\/wp-content\/uploads\/2023\/02\/AFS_photo_evenement28janvier2023-12-525x700.jpg\" alt=\"\" data-id=\"3971\" data-full-url=\"https:\/\/www.artforscience.eu\/wp-content\/uploads\/2023\/02\/AFS_photo_evenement28janvier2023-12-scaled.jpg\" data-link=\"https:\/\/www.artforscience.eu\/?attachment_id=3971\" class=\"wp-image-3971\" srcset=\"https:\/\/www.artforscience.eu\/wp-content\/uploads\/2023\/02\/AFS_photo_evenement28janvier2023-12-525x700.jpg 525w, https:\/\/www.artforscience.eu\/wp-content\/uploads\/2023\/02\/AFS_photo_evenement28janvier2023-12-225x300.jpg 225w, https:\/\/www.artforscience.eu\/wp-content\/uploads\/2023\/02\/AFS_photo_evenement28janvier2023-12-768x1024.jpg 768w, https:\/\/www.artforscience.eu\/wp-content\/uploads\/2023\/02\/AFS_photo_evenement28janvier2023-12-1152x1536.jpg 1152w, https:\/\/www.artforscience.eu\/wp-content\/uploads\/2023\/02\/AFS_photo_evenement28janvier2023-12-1536x2048.jpg 1536w, https:\/\/www.artforscience.eu\/wp-content\/uploads\/2023\/02\/AFS_photo_evenement28janvier2023-12-9x12.jpg 9w, https:\/\/www.artforscience.eu\/wp-content\/uploads\/2023\/02\/AFS_photo_evenement28janvier2023-12-600x800.jpg 600w, https:\/\/www.artforscience.eu\/wp-content\/uploads\/2023\/02\/AFS_photo_evenement28janvier2023-12-scaled.jpg 1920w\" sizes=\"(max-width: 525px) 100vw, 525px\" \/><figcaption class=\"blocks-gallery-item__caption\">S\u00e9verine Dominique, nouvelle pr\u00e9sidente 2023<\/figcaption><\/figure><\/li><li class=\"blocks-gallery-item\"><figure><img loading=\"lazy\" width=\"525\" height=\"700\" src=\"https:\/\/www.artforscience.eu\/wp-content\/uploads\/2023\/02\/AFS_photo_evenement28janvier2023-13-525x700.jpg\" alt=\"\" data-id=\"3972\" data-full-url=\"https:\/\/www.artforscience.eu\/wp-content\/uploads\/2023\/02\/AFS_photo_evenement28janvier2023-13-scaled.jpg\" data-link=\"https:\/\/www.artforscience.eu\/?attachment_id=3972\" class=\"wp-image-3972\" srcset=\"https:\/\/www.artforscience.eu\/wp-content\/uploads\/2023\/02\/AFS_photo_evenement28janvier2023-13-525x700.jpg 525w, https:\/\/www.artforscience.eu\/wp-content\/uploads\/2023\/02\/AFS_photo_evenement28janvier2023-13-225x300.jpg 225w, https:\/\/www.artforscience.eu\/wp-content\/uploads\/2023\/02\/AFS_photo_evenement28janvier2023-13-768x1024.jpg 768w, https:\/\/www.artforscience.eu\/wp-content\/uploads\/2023\/02\/AFS_photo_evenement28janvier2023-13-1152x1536.jpg 1152w, https:\/\/www.artforscience.eu\/wp-content\/uploads\/2023\/02\/AFS_photo_evenement28janvier2023-13-1536x2048.jpg 1536w, https:\/\/www.artforscience.eu\/wp-content\/uploads\/2023\/02\/AFS_photo_evenement28janvier2023-13-9x12.jpg 9w, https:\/\/www.artforscience.eu\/wp-content\/uploads\/2023\/02\/AFS_photo_evenement28janvier2023-13-600x800.jpg 600w, https:\/\/www.artforscience.eu\/wp-content\/uploads\/2023\/02\/AFS_photo_evenement28janvier2023-13-scaled.jpg 1920w\" sizes=\"(max-width: 525px) 100vw, 525px\" \/><figcaption class=\"blocks-gallery-item__caption\">Jean-Philippe Hugnot chercheur et professeur en neuroscience avec un tableau d&rsquo;Erik Andler <\/figcaption><\/figure><\/li><li class=\"blocks-gallery-item\"><figure><img loading=\"lazy\" width=\"525\" height=\"700\" src=\"https:\/\/www.artforscience.eu\/wp-content\/uploads\/2023\/02\/AFS_photo_evenement28janvier2023-15-525x700.jpg\" alt=\"\" data-id=\"3973\" data-full-url=\"https:\/\/www.artforscience.eu\/wp-content\/uploads\/2023\/02\/AFS_photo_evenement28janvier2023-15-scaled.jpg\" data-link=\"https:\/\/www.artforscience.eu\/?attachment_id=3973\" class=\"wp-image-3973\" srcset=\"https:\/\/www.artforscience.eu\/wp-content\/uploads\/2023\/02\/AFS_photo_evenement28janvier2023-15-525x700.jpg 525w, https:\/\/www.artforscience.eu\/wp-content\/uploads\/2023\/02\/AFS_photo_evenement28janvier2023-15-225x300.jpg 225w, https:\/\/www.artforscience.eu\/wp-content\/uploads\/2023\/02\/AFS_photo_evenement28janvier2023-15-768x1024.jpg 768w, https:\/\/www.artforscience.eu\/wp-content\/uploads\/2023\/02\/AFS_photo_evenement28janvier2023-15-1152x1536.jpg 1152w, https:\/\/www.artforscience.eu\/wp-content\/uploads\/2023\/02\/AFS_photo_evenement28janvier2023-15-1536x2048.jpg 1536w, https:\/\/www.artforscience.eu\/wp-content\/uploads\/2023\/02\/AFS_photo_evenement28janvier2023-15-9x12.jpg 9w, https:\/\/www.artforscience.eu\/wp-content\/uploads\/2023\/02\/AFS_photo_evenement28janvier2023-15-600x800.jpg 600w, https:\/\/www.artforscience.eu\/wp-content\/uploads\/2023\/02\/AFS_photo_evenement28janvier2023-15-scaled.jpg 1920w\" sizes=\"(max-width: 525px) 100vw, 525px\" \/><figcaption class=\"blocks-gallery-item__caption\">En direct de Montr\u00e9al, l&rsquo;\u00e9quipe projet pour mettre en place l&rsquo;art d&rsquo;\u00e9crire aupr\u00e8s de patients de l&rsquo;Institut de Psychiatrie L\u00e9gal Philippe Pinel<\/figcaption><\/figure><\/li><li class=\"blocks-gallery-item\"><figure><img loading=\"lazy\" width=\"525\" height=\"700\" src=\"https:\/\/www.artforscience.eu\/wp-content\/uploads\/2023\/02\/AFS_photo_evenement28janvier2023-19-525x700.jpg\" alt=\"\" data-id=\"3974\" data-full-url=\"https:\/\/www.artforscience.eu\/wp-content\/uploads\/2023\/02\/AFS_photo_evenement28janvier2023-19-scaled.jpg\" data-link=\"https:\/\/www.artforscience.eu\/?attachment_id=3974\" class=\"wp-image-3974\" srcset=\"https:\/\/www.artforscience.eu\/wp-content\/uploads\/2023\/02\/AFS_photo_evenement28janvier2023-19-525x700.jpg 525w, https:\/\/www.artforscience.eu\/wp-content\/uploads\/2023\/02\/AFS_photo_evenement28janvier2023-19-225x300.jpg 225w, https:\/\/www.artforscience.eu\/wp-content\/uploads\/2023\/02\/AFS_photo_evenement28janvier2023-19-768x1024.jpg 768w, https:\/\/www.artforscience.eu\/wp-content\/uploads\/2023\/02\/AFS_photo_evenement28janvier2023-19-1152x1536.jpg 1152w, https:\/\/www.artforscience.eu\/wp-content\/uploads\/2023\/02\/AFS_photo_evenement28janvier2023-19-1536x2048.jpg 1536w, https:\/\/www.artforscience.eu\/wp-content\/uploads\/2023\/02\/AFS_photo_evenement28janvier2023-19-9x12.jpg 9w, https:\/\/www.artforscience.eu\/wp-content\/uploads\/2023\/02\/AFS_photo_evenement28janvier2023-19-600x800.jpg 600w, https:\/\/www.artforscience.eu\/wp-content\/uploads\/2023\/02\/AFS_photo_evenement28janvier2023-19-scaled.jpg 1920w\" sizes=\"(max-width: 525px) 100vw, 525px\" \/><figcaption class=\"blocks-gallery-item__caption\">David Gros, Vice-pr\u00e9sident Art For Science<\/figcaption><\/figure><\/li><li class=\"blocks-gallery-item\"><figure><img loading=\"lazy\" width=\"525\" height=\"700\" src=\"https:\/\/www.artforscience.eu\/wp-content\/uploads\/2023\/02\/AFS_photo_evenement28janvier2023-22-525x700.jpg\" alt=\"\" data-id=\"3975\" data-full-url=\"https:\/\/www.artforscience.eu\/wp-content\/uploads\/2023\/02\/AFS_photo_evenement28janvier2023-22-scaled.jpg\" data-link=\"https:\/\/www.artforscience.eu\/?attachment_id=3975\" class=\"wp-image-3975\" srcset=\"https:\/\/www.artforscience.eu\/wp-content\/uploads\/2023\/02\/AFS_photo_evenement28janvier2023-22-525x700.jpg 525w, https:\/\/www.artforscience.eu\/wp-content\/uploads\/2023\/02\/AFS_photo_evenement28janvier2023-22-225x300.jpg 225w, https:\/\/www.artforscience.eu\/wp-content\/uploads\/2023\/02\/AFS_photo_evenement28janvier2023-22-768x1024.jpg 768w, https:\/\/www.artforscience.eu\/wp-content\/uploads\/2023\/02\/AFS_photo_evenement28janvier2023-22-1152x1536.jpg 1152w, https:\/\/www.artforscience.eu\/wp-content\/uploads\/2023\/02\/AFS_photo_evenement28janvier2023-22-1536x2048.jpg 1536w, https:\/\/www.artforscience.eu\/wp-content\/uploads\/2023\/02\/AFS_photo_evenement28janvier2023-22-9x12.jpg 9w, https:\/\/www.artforscience.eu\/wp-content\/uploads\/2023\/02\/AFS_photo_evenement28janvier2023-22-600x800.jpg 600w, https:\/\/www.artforscience.eu\/wp-content\/uploads\/2023\/02\/AFS_photo_evenement28janvier2023-22-scaled.jpg 1920w\" sizes=\"(max-width: 525px) 100vw, 525px\" \/><figcaption class=\"blocks-gallery-item__caption\">V\u00e9ronique Milioni, artiste Art For Science<\/figcaption><\/figure><\/li><li class=\"blocks-gallery-item\"><figure><img loading=\"lazy\" width=\"700\" height=\"525\" src=\"https:\/\/www.artforscience.eu\/wp-content\/uploads\/2023\/02\/AFS_photo_evenement28janvier2023-25-700x525.jpg\" alt=\"\" data-id=\"3976\" data-full-url=\"https:\/\/www.artforscience.eu\/wp-content\/uploads\/2023\/02\/AFS_photo_evenement28janvier2023-25-scaled.jpg\" data-link=\"https:\/\/www.artforscience.eu\/?attachment_id=3976\" class=\"wp-image-3976\" srcset=\"https:\/\/www.artforscience.eu\/wp-content\/uploads\/2023\/02\/AFS_photo_evenement28janvier2023-25-700x525.jpg 700w, https:\/\/www.artforscience.eu\/wp-content\/uploads\/2023\/02\/AFS_photo_evenement28janvier2023-25-300x225.jpg 300w, https:\/\/www.artforscience.eu\/wp-content\/uploads\/2023\/02\/AFS_photo_evenement28janvier2023-25-768x576.jpg 768w, https:\/\/www.artforscience.eu\/wp-content\/uploads\/2023\/02\/AFS_photo_evenement28janvier2023-25-1536x1152.jpg 1536w, https:\/\/www.artforscience.eu\/wp-content\/uploads\/2023\/02\/AFS_photo_evenement28janvier2023-25-2048x1536.jpg 2048w, https:\/\/www.artforscience.eu\/wp-content\/uploads\/2023\/02\/AFS_photo_evenement28janvier2023-25-16x12.jpg 16w, https:\/\/www.artforscience.eu\/wp-content\/uploads\/2023\/02\/AFS_photo_evenement28janvier2023-25-600x450.jpg 600w\" sizes=\"(max-width: 700px) 100vw, 700px\" \/><figcaption class=\"blocks-gallery-item__caption\">Extrait de l&rsquo;after-event m\u00e9c\u00e8ne<\/figcaption><\/figure><\/li><li class=\"blocks-gallery-item\"><figure><img loading=\"lazy\" width=\"700\" height=\"525\" src=\"https:\/\/www.artforscience.eu\/wp-content\/uploads\/2023\/02\/AFS_photo_evenement28janvier2023-28-700x525.jpg\" alt=\"\" data-id=\"3977\" data-full-url=\"https:\/\/www.artforscience.eu\/wp-content\/uploads\/2023\/02\/AFS_photo_evenement28janvier2023-28-scaled.jpg\" data-link=\"https:\/\/www.artforscience.eu\/?attachment_id=3977\" class=\"wp-image-3977\" srcset=\"https:\/\/www.artforscience.eu\/wp-content\/uploads\/2023\/02\/AFS_photo_evenement28janvier2023-28-700x525.jpg 700w, https:\/\/www.artforscience.eu\/wp-content\/uploads\/2023\/02\/AFS_photo_evenement28janvier2023-28-300x225.jpg 300w, https:\/\/www.artforscience.eu\/wp-content\/uploads\/2023\/02\/AFS_photo_evenement28janvier2023-28-768x576.jpg 768w, https:\/\/www.artforscience.eu\/wp-content\/uploads\/2023\/02\/AFS_photo_evenement28janvier2023-28-1536x1152.jpg 1536w, https:\/\/www.artforscience.eu\/wp-content\/uploads\/2023\/02\/AFS_photo_evenement28janvier2023-28-2048x1536.jpg 2048w, https:\/\/www.artforscience.eu\/wp-content\/uploads\/2023\/02\/AFS_photo_evenement28janvier2023-28-16x12.jpg 16w, https:\/\/www.artforscience.eu\/wp-content\/uploads\/2023\/02\/AFS_photo_evenement28janvier2023-28-600x450.jpg 600w\" sizes=\"(max-width: 700px) 100vw, 700px\" \/><figcaption class=\"blocks-gallery-item__caption\">Extrait de l&rsquo;after-event m\u00e9c\u00e8ne<\/figcaption><\/figure><\/li><li class=\"blocks-gallery-item\"><figure><img loading=\"lazy\" width=\"394\" height=\"700\" src=\"https:\/\/www.artforscience.eu\/wp-content\/uploads\/2023\/02\/AFS_photo_evenement28janvier2023-44-394x700.jpg\" alt=\"\" data-id=\"3978\" data-full-url=\"https:\/\/www.artforscience.eu\/wp-content\/uploads\/2023\/02\/AFS_photo_evenement28janvier2023-44-scaled.jpg\" data-link=\"https:\/\/www.artforscience.eu\/?attachment_id=3978\" class=\"wp-image-3978\" srcset=\"https:\/\/www.artforscience.eu\/wp-content\/uploads\/2023\/02\/AFS_photo_evenement28janvier2023-44-394x700.jpg 394w, https:\/\/www.artforscience.eu\/wp-content\/uploads\/2023\/02\/AFS_photo_evenement28janvier2023-44-169x300.jpg 169w, https:\/\/www.artforscience.eu\/wp-content\/uploads\/2023\/02\/AFS_photo_evenement28janvier2023-44-768x1364.jpg 768w, https:\/\/www.artforscience.eu\/wp-content\/uploads\/2023\/02\/AFS_photo_evenement28janvier2023-44-865x1536.jpg 865w, https:\/\/www.artforscience.eu\/wp-content\/uploads\/2023\/02\/AFS_photo_evenement28janvier2023-44-1153x2048.jpg 1153w, https:\/\/www.artforscience.eu\/wp-content\/uploads\/2023\/02\/AFS_photo_evenement28janvier2023-44-7x12.jpg 7w, https:\/\/www.artforscience.eu\/wp-content\/uploads\/2023\/02\/AFS_photo_evenement28janvier2023-44-600x1066.jpg 600w, https:\/\/www.artforscience.eu\/wp-content\/uploads\/2023\/02\/AFS_photo_evenement28janvier2023-44-scaled.jpg 1441w\" sizes=\"(max-width: 394px) 100vw, 394px\" \/><figcaption class=\"blocks-gallery-item__caption\">Oeuvre \u00ab\u00a0Le monde du cerveau\u00a0\u00bb  de Claire De Montardy<\/figcaption><\/figure><\/li><li class=\"blocks-gallery-item\"><figure><img loading=\"lazy\" width=\"394\" height=\"700\" src=\"https:\/\/www.artforscience.eu\/wp-content\/uploads\/2023\/02\/AFS_photo_evenement28janvier2023-45-394x700.jpg\" alt=\"\" data-id=\"3979\" data-full-url=\"https:\/\/www.artforscience.eu\/wp-content\/uploads\/2023\/02\/AFS_photo_evenement28janvier2023-45-scaled.jpg\" data-link=\"https:\/\/www.artforscience.eu\/?attachment_id=3979\" class=\"wp-image-3979\" srcset=\"https:\/\/www.artforscience.eu\/wp-content\/uploads\/2023\/02\/AFS_photo_evenement28janvier2023-45-394x700.jpg 394w, https:\/\/www.artforscience.eu\/wp-content\/uploads\/2023\/02\/AFS_photo_evenement28janvier2023-45-169x300.jpg 169w, https:\/\/www.artforscience.eu\/wp-content\/uploads\/2023\/02\/AFS_photo_evenement28janvier2023-45-768x1364.jpg 768w, https:\/\/www.artforscience.eu\/wp-content\/uploads\/2023\/02\/AFS_photo_evenement28janvier2023-45-865x1536.jpg 865w, https:\/\/www.artforscience.eu\/wp-content\/uploads\/2023\/02\/AFS_photo_evenement28janvier2023-45-1153x2048.jpg 1153w, https:\/\/www.artforscience.eu\/wp-content\/uploads\/2023\/02\/AFS_photo_evenement28janvier2023-45-7x12.jpg 7w, https:\/\/www.artforscience.eu\/wp-content\/uploads\/2023\/02\/AFS_photo_evenement28janvier2023-45-600x1066.jpg 600w, https:\/\/www.artforscience.eu\/wp-content\/uploads\/2023\/02\/AFS_photo_evenement28janvier2023-45-scaled.jpg 1441w\" sizes=\"(max-width: 394px) 100vw, 394px\" \/><figcaption class=\"blocks-gallery-item__caption\">Oeuvre de V\u00e9ronique Milioni<\/figcaption><\/figure><\/li><li class=\"blocks-gallery-item\"><figure><img loading=\"lazy\" width=\"700\" height=\"394\" src=\"https:\/\/www.artforscience.eu\/wp-content\/uploads\/2023\/02\/AFS_photo_evenement28janvier2023-47-700x394.jpg\" alt=\"\" data-id=\"3980\" data-full-url=\"https:\/\/www.artforscience.eu\/wp-content\/uploads\/2023\/02\/AFS_photo_evenement28janvier2023-47-scaled.jpg\" data-link=\"https:\/\/www.artforscience.eu\/?attachment_id=3980\" class=\"wp-image-3980\" srcset=\"https:\/\/www.artforscience.eu\/wp-content\/uploads\/2023\/02\/AFS_photo_evenement28janvier2023-47-700x394.jpg 700w, https:\/\/www.artforscience.eu\/wp-content\/uploads\/2023\/02\/AFS_photo_evenement28janvier2023-47-300x169.jpg 300w, https:\/\/www.artforscience.eu\/wp-content\/uploads\/2023\/02\/AFS_photo_evenement28janvier2023-47-768x432.jpg 768w, https:\/\/www.artforscience.eu\/wp-content\/uploads\/2023\/02\/AFS_photo_evenement28janvier2023-47-1536x865.jpg 1536w, https:\/\/www.artforscience.eu\/wp-content\/uploads\/2023\/02\/AFS_photo_evenement28janvier2023-47-2048x1153.jpg 2048w, https:\/\/www.artforscience.eu\/wp-content\/uploads\/2023\/02\/AFS_photo_evenement28janvier2023-47-18x10.jpg 18w, https:\/\/www.artforscience.eu\/wp-content\/uploads\/2023\/02\/AFS_photo_evenement28janvier2023-47-1160x653.jpg 1160w, https:\/\/www.artforscience.eu\/wp-content\/uploads\/2023\/02\/AFS_photo_evenement28janvier2023-47-600x338.jpg 600w\" sizes=\"(max-width: 700px) 100vw, 700px\" \/><figcaption class=\"blocks-gallery-item__caption\">Oeuvre de Mickael Relave<\/figcaption><\/figure><\/li><li class=\"blocks-gallery-item\"><figure><img loading=\"lazy\" width=\"394\" height=\"700\" src=\"https:\/\/www.artforscience.eu\/wp-content\/uploads\/2023\/02\/AFS_photo_evenement28janvier2023-54-394x700.jpg\" alt=\"\" data-id=\"3981\" data-full-url=\"https:\/\/www.artforscience.eu\/wp-content\/uploads\/2023\/02\/AFS_photo_evenement28janvier2023-54-scaled.jpg\" data-link=\"https:\/\/www.artforscience.eu\/?attachment_id=3981\" class=\"wp-image-3981\" srcset=\"https:\/\/www.artforscience.eu\/wp-content\/uploads\/2023\/02\/AFS_photo_evenement28janvier2023-54-394x700.jpg 394w, https:\/\/www.artforscience.eu\/wp-content\/uploads\/2023\/02\/AFS_photo_evenement28janvier2023-54-169x300.jpg 169w, https:\/\/www.artforscience.eu\/wp-content\/uploads\/2023\/02\/AFS_photo_evenement28janvier2023-54-768x1364.jpg 768w, https:\/\/www.artforscience.eu\/wp-content\/uploads\/2023\/02\/AFS_photo_evenement28janvier2023-54-865x1536.jpg 865w, https:\/\/www.artforscience.eu\/wp-content\/uploads\/2023\/02\/AFS_photo_evenement28janvier2023-54-1153x2048.jpg 1153w, https:\/\/www.artforscience.eu\/wp-content\/uploads\/2023\/02\/AFS_photo_evenement28janvier2023-54-7x12.jpg 7w, https:\/\/www.artforscience.eu\/wp-content\/uploads\/2023\/02\/AFS_photo_evenement28janvier2023-54-600x1066.jpg 600w, https:\/\/www.artforscience.eu\/wp-content\/uploads\/2023\/02\/AFS_photo_evenement28janvier2023-54-scaled.jpg 1441w\" sizes=\"(max-width: 394px) 100vw, 394px\" \/><figcaption class=\"blocks-gallery-item__caption\">Oeuvre des soeurs Bastelica<\/figcaption><\/figure><\/li><li class=\"blocks-gallery-item\"><figure><img loading=\"lazy\" width=\"394\" height=\"700\" src=\"https:\/\/www.artforscience.eu\/wp-content\/uploads\/2023\/02\/AFS_photo_evenement28janvier2023-55-394x700.jpg\" alt=\"\" data-id=\"3982\" data-full-url=\"https:\/\/www.artforscience.eu\/wp-content\/uploads\/2023\/02\/AFS_photo_evenement28janvier2023-55-scaled.jpg\" data-link=\"https:\/\/www.artforscience.eu\/?attachment_id=3982\" class=\"wp-image-3982\" srcset=\"https:\/\/www.artforscience.eu\/wp-content\/uploads\/2023\/02\/AFS_photo_evenement28janvier2023-55-394x700.jpg 394w, https:\/\/www.artforscience.eu\/wp-content\/uploads\/2023\/02\/AFS_photo_evenement28janvier2023-55-169x300.jpg 169w, https:\/\/www.artforscience.eu\/wp-content\/uploads\/2023\/02\/AFS_photo_evenement28janvier2023-55-768x1364.jpg 768w, https:\/\/www.artforscience.eu\/wp-content\/uploads\/2023\/02\/AFS_photo_evenement28janvier2023-55-865x1536.jpg 865w, https:\/\/www.artforscience.eu\/wp-content\/uploads\/2023\/02\/AFS_photo_evenement28janvier2023-55-1153x2048.jpg 1153w, https:\/\/www.artforscience.eu\/wp-content\/uploads\/2023\/02\/AFS_photo_evenement28janvier2023-55-7x12.jpg 7w, https:\/\/www.artforscience.eu\/wp-content\/uploads\/2023\/02\/AFS_photo_evenement28janvier2023-55-600x1066.jpg 600w, https:\/\/www.artforscience.eu\/wp-content\/uploads\/2023\/02\/AFS_photo_evenement28janvier2023-55-scaled.jpg 1441w\" sizes=\"(max-width: 394px) 100vw, 394px\" \/><figcaption class=\"blocks-gallery-item__caption\">Oeuvre de Neffati<\/figcaption><\/figure><\/li><li class=\"blocks-gallery-item\"><figure><img loading=\"lazy\" width=\"700\" height=\"394\" src=\"https:\/\/www.artforscience.eu\/wp-content\/uploads\/2023\/02\/AFS_photo_evenement28janvier2023-56-700x394.jpg\" alt=\"\" data-id=\"3983\" data-full-url=\"https:\/\/www.artforscience.eu\/wp-content\/uploads\/2023\/02\/AFS_photo_evenement28janvier2023-56-scaled.jpg\" data-link=\"https:\/\/www.artforscience.eu\/?attachment_id=3983\" class=\"wp-image-3983\" srcset=\"https:\/\/www.artforscience.eu\/wp-content\/uploads\/2023\/02\/AFS_photo_evenement28janvier2023-56-700x394.jpg 700w, https:\/\/www.artforscience.eu\/wp-content\/uploads\/2023\/02\/AFS_photo_evenement28janvier2023-56-300x169.jpg 300w, https:\/\/www.artforscience.eu\/wp-content\/uploads\/2023\/02\/AFS_photo_evenement28janvier2023-56-768x432.jpg 768w, https:\/\/www.artforscience.eu\/wp-content\/uploads\/2023\/02\/AFS_photo_evenement28janvier2023-56-1536x865.jpg 1536w, https:\/\/www.artforscience.eu\/wp-content\/uploads\/2023\/02\/AFS_photo_evenement28janvier2023-56-2048x1153.jpg 2048w, https:\/\/www.artforscience.eu\/wp-content\/uploads\/2023\/02\/AFS_photo_evenement28janvier2023-56-18x10.jpg 18w, https:\/\/www.artforscience.eu\/wp-content\/uploads\/2023\/02\/AFS_photo_evenement28janvier2023-56-1160x653.jpg 1160w, https:\/\/www.artforscience.eu\/wp-content\/uploads\/2023\/02\/AFS_photo_evenement28janvier2023-56-600x338.jpg 600w\" sizes=\"(max-width: 700px) 100vw, 700px\" \/><figcaption class=\"blocks-gallery-item__caption\">Installation en cours<\/figcaption><\/figure><\/li><li class=\"blocks-gallery-item\"><figure><img loading=\"lazy\" width=\"394\" height=\"700\" src=\"https:\/\/www.artforscience.eu\/wp-content\/uploads\/2023\/02\/AFS_photo_evenement28janvier2023-57-394x700.jpg\" alt=\"\" data-id=\"3984\" data-full-url=\"https:\/\/www.artforscience.eu\/wp-content\/uploads\/2023\/02\/AFS_photo_evenement28janvier2023-57-scaled.jpg\" data-link=\"https:\/\/www.artforscience.eu\/?attachment_id=3984\" class=\"wp-image-3984\" srcset=\"https:\/\/www.artforscience.eu\/wp-content\/uploads\/2023\/02\/AFS_photo_evenement28janvier2023-57-394x700.jpg 394w, https:\/\/www.artforscience.eu\/wp-content\/uploads\/2023\/02\/AFS_photo_evenement28janvier2023-57-169x300.jpg 169w, https:\/\/www.artforscience.eu\/wp-content\/uploads\/2023\/02\/AFS_photo_evenement28janvier2023-57-768x1364.jpg 768w, https:\/\/www.artforscience.eu\/wp-content\/uploads\/2023\/02\/AFS_photo_evenement28janvier2023-57-865x1536.jpg 865w, https:\/\/www.artforscience.eu\/wp-content\/uploads\/2023\/02\/AFS_photo_evenement28janvier2023-57-1153x2048.jpg 1153w, https:\/\/www.artforscience.eu\/wp-content\/uploads\/2023\/02\/AFS_photo_evenement28janvier2023-57-7x12.jpg 7w, https:\/\/www.artforscience.eu\/wp-content\/uploads\/2023\/02\/AFS_photo_evenement28janvier2023-57-600x1066.jpg 600w, https:\/\/www.artforscience.eu\/wp-content\/uploads\/2023\/02\/AFS_photo_evenement28janvier2023-57-scaled.jpg 1441w\" sizes=\"(max-width: 394px) 100vw, 394px\" \/><figcaption class=\"blocks-gallery-item__caption\">Oeuvre de Leila Moumen<\/figcaption><\/figure><\/li><li class=\"blocks-gallery-item\"><figure><img loading=\"lazy\" width=\"394\" height=\"700\" src=\"https:\/\/www.artforscience.eu\/wp-content\/uploads\/2023\/02\/AFS_photo_evenement28janvier2023-58-394x700.jpg\" alt=\"\" data-id=\"3985\" data-full-url=\"https:\/\/www.artforscience.eu\/wp-content\/uploads\/2023\/02\/AFS_photo_evenement28janvier2023-58-scaled.jpg\" data-link=\"https:\/\/www.artforscience.eu\/?attachment_id=3985\" class=\"wp-image-3985\" srcset=\"https:\/\/www.artforscience.eu\/wp-content\/uploads\/2023\/02\/AFS_photo_evenement28janvier2023-58-394x700.jpg 394w, https:\/\/www.artforscience.eu\/wp-content\/uploads\/2023\/02\/AFS_photo_evenement28janvier2023-58-169x300.jpg 169w, https:\/\/www.artforscience.eu\/wp-content\/uploads\/2023\/02\/AFS_photo_evenement28janvier2023-58-768x1364.jpg 768w, https:\/\/www.artforscience.eu\/wp-content\/uploads\/2023\/02\/AFS_photo_evenement28janvier2023-58-865x1536.jpg 865w, https:\/\/www.artforscience.eu\/wp-content\/uploads\/2023\/02\/AFS_photo_evenement28janvier2023-58-1153x2048.jpg 1153w, https:\/\/www.artforscience.eu\/wp-content\/uploads\/2023\/02\/AFS_photo_evenement28janvier2023-58-7x12.jpg 7w, https:\/\/www.artforscience.eu\/wp-content\/uploads\/2023\/02\/AFS_photo_evenement28janvier2023-58-600x1066.jpg 600w, https:\/\/www.artforscience.eu\/wp-content\/uploads\/2023\/02\/AFS_photo_evenement28janvier2023-58-scaled.jpg 1441w\" sizes=\"(max-width: 394px) 100vw, 394px\" \/><figcaption class=\"blocks-gallery-item__caption\">Oeuvre de Don Mat\u00e9o<\/figcaption><\/figure><\/li><li class=\"blocks-gallery-item\"><figure><img loading=\"lazy\" width=\"700\" height=\"394\" src=\"https:\/\/www.artforscience.eu\/wp-content\/uploads\/2023\/02\/AFS_photo_evenement28janvier2023-62-700x394.jpg\" alt=\"\" data-id=\"3986\" data-full-url=\"https:\/\/www.artforscience.eu\/wp-content\/uploads\/2023\/02\/AFS_photo_evenement28janvier2023-62-scaled.jpg\" data-link=\"https:\/\/www.artforscience.eu\/?attachment_id=3986\" class=\"wp-image-3986\" srcset=\"https:\/\/www.artforscience.eu\/wp-content\/uploads\/2023\/02\/AFS_photo_evenement28janvier2023-62-700x394.jpg 700w, https:\/\/www.artforscience.eu\/wp-content\/uploads\/2023\/02\/AFS_photo_evenement28janvier2023-62-300x169.jpg 300w, https:\/\/www.artforscience.eu\/wp-content\/uploads\/2023\/02\/AFS_photo_evenement28janvier2023-62-768x432.jpg 768w, https:\/\/www.artforscience.eu\/wp-content\/uploads\/2023\/02\/AFS_photo_evenement28janvier2023-62-1536x865.jpg 1536w, https:\/\/www.artforscience.eu\/wp-content\/uploads\/2023\/02\/AFS_photo_evenement28janvier2023-62-2048x1153.jpg 2048w, https:\/\/www.artforscience.eu\/wp-content\/uploads\/2023\/02\/AFS_photo_evenement28janvier2023-62-18x10.jpg 18w, https:\/\/www.artforscience.eu\/wp-content\/uploads\/2023\/02\/AFS_photo_evenement28janvier2023-62-1160x653.jpg 1160w, https:\/\/www.artforscience.eu\/wp-content\/uploads\/2023\/02\/AFS_photo_evenement28janvier2023-62-600x338.jpg 600w\" sizes=\"(max-width: 700px) 100vw, 700px\" \/><figcaption class=\"blocks-gallery-item__caption\">Pr\u00e9paration en coulisse des badges H-1 avant l&rsquo;\u00e9v\u00e8nement<\/figcaption><\/figure><\/li><li class=\"blocks-gallery-item\"><figure><img loading=\"lazy\" width=\"700\" height=\"394\" src=\"https:\/\/www.artforscience.eu\/wp-content\/uploads\/2023\/02\/AFS_photo_evenement28janvier2023-63-700x394.jpg\" alt=\"\" data-id=\"3987\" data-full-url=\"https:\/\/www.artforscience.eu\/wp-content\/uploads\/2023\/02\/AFS_photo_evenement28janvier2023-63-scaled.jpg\" data-link=\"https:\/\/www.artforscience.eu\/?attachment_id=3987\" class=\"wp-image-3987\" srcset=\"https:\/\/www.artforscience.eu\/wp-content\/uploads\/2023\/02\/AFS_photo_evenement28janvier2023-63-700x394.jpg 700w, https:\/\/www.artforscience.eu\/wp-content\/uploads\/2023\/02\/AFS_photo_evenement28janvier2023-63-300x169.jpg 300w, https:\/\/www.artforscience.eu\/wp-content\/uploads\/2023\/02\/AFS_photo_evenement28janvier2023-63-768x432.jpg 768w, https:\/\/www.artforscience.eu\/wp-content\/uploads\/2023\/02\/AFS_photo_evenement28janvier2023-63-1536x865.jpg 1536w, https:\/\/www.artforscience.eu\/wp-content\/uploads\/2023\/02\/AFS_photo_evenement28janvier2023-63-2048x1153.jpg 2048w, https:\/\/www.artforscience.eu\/wp-content\/uploads\/2023\/02\/AFS_photo_evenement28janvier2023-63-18x10.jpg 18w, https:\/\/www.artforscience.eu\/wp-content\/uploads\/2023\/02\/AFS_photo_evenement28janvier2023-63-1160x653.jpg 1160w, https:\/\/www.artforscience.eu\/wp-content\/uploads\/2023\/02\/AFS_photo_evenement28janvier2023-63-600x338.jpg 600w\" sizes=\"(max-width: 700px) 100vw, 700px\" \/><figcaption class=\"blocks-gallery-item__caption\">Les badges sont pr\u00eats<\/figcaption><\/figure><\/li><li class=\"blocks-gallery-item\"><figure><img loading=\"lazy\" width=\"700\" height=\"394\" src=\"https:\/\/www.artforscience.eu\/wp-content\/uploads\/2023\/02\/AFS_photo_evenement28janvier2023-67-700x394.jpg\" alt=\"\" data-id=\"3988\" data-full-url=\"https:\/\/www.artforscience.eu\/wp-content\/uploads\/2023\/02\/AFS_photo_evenement28janvier2023-67-scaled.jpg\" data-link=\"https:\/\/www.artforscience.eu\/?attachment_id=3988\" class=\"wp-image-3988\" srcset=\"https:\/\/www.artforscience.eu\/wp-content\/uploads\/2023\/02\/AFS_photo_evenement28janvier2023-67-700x394.jpg 700w, https:\/\/www.artforscience.eu\/wp-content\/uploads\/2023\/02\/AFS_photo_evenement28janvier2023-67-300x169.jpg 300w, https:\/\/www.artforscience.eu\/wp-content\/uploads\/2023\/02\/AFS_photo_evenement28janvier2023-67-768x432.jpg 768w, https:\/\/www.artforscience.eu\/wp-content\/uploads\/2023\/02\/AFS_photo_evenement28janvier2023-67-1536x865.jpg 1536w, https:\/\/www.artforscience.eu\/wp-content\/uploads\/2023\/02\/AFS_photo_evenement28janvier2023-67-2048x1153.jpg 2048w, https:\/\/www.artforscience.eu\/wp-content\/uploads\/2023\/02\/AFS_photo_evenement28janvier2023-67-18x10.jpg 18w, https:\/\/www.artforscience.eu\/wp-content\/uploads\/2023\/02\/AFS_photo_evenement28janvier2023-67-1160x653.jpg 1160w, https:\/\/www.artforscience.eu\/wp-content\/uploads\/2023\/02\/AFS_photo_evenement28janvier2023-67-600x338.jpg 600w\" sizes=\"(max-width: 700px) 100vw, 700px\" \/><figcaption class=\"blocks-gallery-item__caption\">Oeuvres de Emilie Teillaud et Leila Moumen (oeuvre rouge)<\/figcaption><\/figure><\/li><li class=\"blocks-gallery-item\"><figure><img loading=\"lazy\" width=\"700\" height=\"394\" src=\"https:\/\/www.artforscience.eu\/wp-content\/uploads\/2023\/02\/AFS_photo_evenement28janvier2023-73-700x394.jpg\" alt=\"\" data-id=\"3989\" data-full-url=\"https:\/\/www.artforscience.eu\/wp-content\/uploads\/2023\/02\/AFS_photo_evenement28janvier2023-73-scaled.jpg\" data-link=\"https:\/\/www.artforscience.eu\/?attachment_id=3989\" class=\"wp-image-3989\" srcset=\"https:\/\/www.artforscience.eu\/wp-content\/uploads\/2023\/02\/AFS_photo_evenement28janvier2023-73-700x394.jpg 700w, https:\/\/www.artforscience.eu\/wp-content\/uploads\/2023\/02\/AFS_photo_evenement28janvier2023-73-300x169.jpg 300w, https:\/\/www.artforscience.eu\/wp-content\/uploads\/2023\/02\/AFS_photo_evenement28janvier2023-73-768x432.jpg 768w, https:\/\/www.artforscience.eu\/wp-content\/uploads\/2023\/02\/AFS_photo_evenement28janvier2023-73-1536x865.jpg 1536w, https:\/\/www.artforscience.eu\/wp-content\/uploads\/2023\/02\/AFS_photo_evenement28janvier2023-73-2048x1153.jpg 2048w, https:\/\/www.artforscience.eu\/wp-content\/uploads\/2023\/02\/AFS_photo_evenement28janvier2023-73-18x10.jpg 18w, https:\/\/www.artforscience.eu\/wp-content\/uploads\/2023\/02\/AFS_photo_evenement28janvier2023-73-1160x653.jpg 1160w, https:\/\/www.artforscience.eu\/wp-content\/uploads\/2023\/02\/AFS_photo_evenement28janvier2023-73-600x338.jpg 600w\" sizes=\"(max-width: 700px) 100vw, 700px\" \/><figcaption class=\"blocks-gallery-item__caption\">D\u00e9but de conf\u00e9rence<\/figcaption><\/figure><\/li><li class=\"blocks-gallery-item\"><figure><img loading=\"lazy\" width=\"700\" height=\"394\" src=\"https:\/\/www.artforscience.eu\/wp-content\/uploads\/2023\/02\/AFS_photo_evenement28janvier2023-85-700x394.jpg\" alt=\"\" data-id=\"3990\" data-full-url=\"https:\/\/www.artforscience.eu\/wp-content\/uploads\/2023\/02\/AFS_photo_evenement28janvier2023-85-scaled.jpg\" data-link=\"https:\/\/www.artforscience.eu\/?attachment_id=3990\" class=\"wp-image-3990\" srcset=\"https:\/\/www.artforscience.eu\/wp-content\/uploads\/2023\/02\/AFS_photo_evenement28janvier2023-85-700x394.jpg 700w, https:\/\/www.artforscience.eu\/wp-content\/uploads\/2023\/02\/AFS_photo_evenement28janvier2023-85-300x169.jpg 300w, https:\/\/www.artforscience.eu\/wp-content\/uploads\/2023\/02\/AFS_photo_evenement28janvier2023-85-768x432.jpg 768w, https:\/\/www.artforscience.eu\/wp-content\/uploads\/2023\/02\/AFS_photo_evenement28janvier2023-85-1536x865.jpg 1536w, https:\/\/www.artforscience.eu\/wp-content\/uploads\/2023\/02\/AFS_photo_evenement28janvier2023-85-2048x1153.jpg 2048w, https:\/\/www.artforscience.eu\/wp-content\/uploads\/2023\/02\/AFS_photo_evenement28janvier2023-85-18x10.jpg 18w, https:\/\/www.artforscience.eu\/wp-content\/uploads\/2023\/02\/AFS_photo_evenement28janvier2023-85-1160x653.jpg 1160w, https:\/\/www.artforscience.eu\/wp-content\/uploads\/2023\/02\/AFS_photo_evenement28janvier2023-85-600x338.jpg 600w\" sizes=\"(max-width: 700px) 100vw, 700px\" \/><figcaption class=\"blocks-gallery-item__caption\">Extrait \u00e9quipe Art For Science<\/figcaption><\/figure><\/li><li class=\"blocks-gallery-item\"><figure><img loading=\"lazy\" width=\"394\" height=\"700\" src=\"https:\/\/www.artforscience.eu\/wp-content\/uploads\/2023\/02\/AFS_photo_evenement28janvier2023-91-394x700.jpg\" alt=\"\" data-id=\"3991\" data-full-url=\"https:\/\/www.artforscience.eu\/wp-content\/uploads\/2023\/02\/AFS_photo_evenement28janvier2023-91-scaled.jpg\" data-link=\"https:\/\/www.artforscience.eu\/?attachment_id=3991\" class=\"wp-image-3991\" srcset=\"https:\/\/www.artforscience.eu\/wp-content\/uploads\/2023\/02\/AFS_photo_evenement28janvier2023-91-394x700.jpg 394w, https:\/\/www.artforscience.eu\/wp-content\/uploads\/2023\/02\/AFS_photo_evenement28janvier2023-91-169x300.jpg 169w, https:\/\/www.artforscience.eu\/wp-content\/uploads\/2023\/02\/AFS_photo_evenement28janvier2023-91-768x1364.jpg 768w, https:\/\/www.artforscience.eu\/wp-content\/uploads\/2023\/02\/AFS_photo_evenement28janvier2023-91-865x1536.jpg 865w, https:\/\/www.artforscience.eu\/wp-content\/uploads\/2023\/02\/AFS_photo_evenement28janvier2023-91-1153x2048.jpg 1153w, https:\/\/www.artforscience.eu\/wp-content\/uploads\/2023\/02\/AFS_photo_evenement28janvier2023-91-7x12.jpg 7w, https:\/\/www.artforscience.eu\/wp-content\/uploads\/2023\/02\/AFS_photo_evenement28janvier2023-91-600x1066.jpg 600w, https:\/\/www.artforscience.eu\/wp-content\/uploads\/2023\/02\/AFS_photo_evenement28janvier2023-91-scaled.jpg 1441w\" sizes=\"(max-width: 394px) 100vw, 394px\" \/><figcaption class=\"blocks-gallery-item__caption\">Oeuvre d&rsquo;Emilie Teillaud<\/figcaption><\/figure><\/li><li class=\"blocks-gallery-item\"><figure><img loading=\"lazy\" width=\"700\" height=\"394\" src=\"https:\/\/www.artforscience.eu\/wp-content\/uploads\/2023\/02\/AFS_photo_evenement28janvier2023-99-700x394.jpg\" alt=\"\" data-id=\"3992\" data-full-url=\"https:\/\/www.artforscience.eu\/wp-content\/uploads\/2023\/02\/AFS_photo_evenement28janvier2023-99-scaled.jpg\" data-link=\"https:\/\/www.artforscience.eu\/?attachment_id=3992\" class=\"wp-image-3992\" srcset=\"https:\/\/www.artforscience.eu\/wp-content\/uploads\/2023\/02\/AFS_photo_evenement28janvier2023-99-700x394.jpg 700w, https:\/\/www.artforscience.eu\/wp-content\/uploads\/2023\/02\/AFS_photo_evenement28janvier2023-99-300x169.jpg 300w, https:\/\/www.artforscience.eu\/wp-content\/uploads\/2023\/02\/AFS_photo_evenement28janvier2023-99-768x432.jpg 768w, https:\/\/www.artforscience.eu\/wp-content\/uploads\/2023\/02\/AFS_photo_evenement28janvier2023-99-1536x865.jpg 1536w, https:\/\/www.artforscience.eu\/wp-content\/uploads\/2023\/02\/AFS_photo_evenement28janvier2023-99-2048x1153.jpg 2048w, https:\/\/www.artforscience.eu\/wp-content\/uploads\/2023\/02\/AFS_photo_evenement28janvier2023-99-18x10.jpg 18w, https:\/\/www.artforscience.eu\/wp-content\/uploads\/2023\/02\/AFS_photo_evenement28janvier2023-99-1160x653.jpg 1160w, https:\/\/www.artforscience.eu\/wp-content\/uploads\/2023\/02\/AFS_photo_evenement28janvier2023-99-600x338.jpg 600w\" sizes=\"(max-width: 700px) 100vw, 700px\" \/><figcaption class=\"blocks-gallery-item__caption\">mise en place au cube orange chez RBC Mobilier<\/figcaption><\/figure><\/li><li class=\"blocks-gallery-item\"><figure><img loading=\"lazy\" width=\"394\" height=\"700\" src=\"https:\/\/www.artforscience.eu\/wp-content\/uploads\/2023\/02\/AFS_photo_evenement28janvier2023-104-394x700.jpg\" alt=\"\" data-id=\"3993\" data-full-url=\"https:\/\/www.artforscience.eu\/wp-content\/uploads\/2023\/02\/AFS_photo_evenement28janvier2023-104-scaled.jpg\" data-link=\"https:\/\/www.artforscience.eu\/?attachment_id=3993\" class=\"wp-image-3993\" srcset=\"https:\/\/www.artforscience.eu\/wp-content\/uploads\/2023\/02\/AFS_photo_evenement28janvier2023-104-394x700.jpg 394w, https:\/\/www.artforscience.eu\/wp-content\/uploads\/2023\/02\/AFS_photo_evenement28janvier2023-104-169x300.jpg 169w, https:\/\/www.artforscience.eu\/wp-content\/uploads\/2023\/02\/AFS_photo_evenement28janvier2023-104-768x1364.jpg 768w, https:\/\/www.artforscience.eu\/wp-content\/uploads\/2023\/02\/AFS_photo_evenement28janvier2023-104-865x1536.jpg 865w, https:\/\/www.artforscience.eu\/wp-content\/uploads\/2023\/02\/AFS_photo_evenement28janvier2023-104-1153x2048.jpg 1153w, https:\/\/www.artforscience.eu\/wp-content\/uploads\/2023\/02\/AFS_photo_evenement28janvier2023-104-7x12.jpg 7w, https:\/\/www.artforscience.eu\/wp-content\/uploads\/2023\/02\/AFS_photo_evenement28janvier2023-104-600x1066.jpg 600w, https:\/\/www.artforscience.eu\/wp-content\/uploads\/2023\/02\/AFS_photo_evenement28janvier2023-104-scaled.jpg 1441w\" sizes=\"(max-width: 394px) 100vw, 394px\" \/><figcaption class=\"blocks-gallery-item__caption\">Oeuvre de Neffati<\/figcaption><\/figure><\/li><li class=\"blocks-gallery-item\"><figure><img loading=\"lazy\" width=\"700\" height=\"394\" src=\"https:\/\/www.artforscience.eu\/wp-content\/uploads\/2023\/02\/AFS_photo_evenement28janvier2023-106-700x394.jpg\" alt=\"\" data-id=\"3994\" data-full-url=\"https:\/\/www.artforscience.eu\/wp-content\/uploads\/2023\/02\/AFS_photo_evenement28janvier2023-106-scaled.jpg\" data-link=\"https:\/\/www.artforscience.eu\/?attachment_id=3994\" class=\"wp-image-3994\" srcset=\"https:\/\/www.artforscience.eu\/wp-content\/uploads\/2023\/02\/AFS_photo_evenement28janvier2023-106-700x394.jpg 700w, https:\/\/www.artforscience.eu\/wp-content\/uploads\/2023\/02\/AFS_photo_evenement28janvier2023-106-300x169.jpg 300w, https:\/\/www.artforscience.eu\/wp-content\/uploads\/2023\/02\/AFS_photo_evenement28janvier2023-106-768x432.jpg 768w, https:\/\/www.artforscience.eu\/wp-content\/uploads\/2023\/02\/AFS_photo_evenement28janvier2023-106-1536x865.jpg 1536w, https:\/\/www.artforscience.eu\/wp-content\/uploads\/2023\/02\/AFS_photo_evenement28janvier2023-106-2048x1153.jpg 2048w, https:\/\/www.artforscience.eu\/wp-content\/uploads\/2023\/02\/AFS_photo_evenement28janvier2023-106-18x10.jpg 18w, https:\/\/www.artforscience.eu\/wp-content\/uploads\/2023\/02\/AFS_photo_evenement28janvier2023-106-1160x653.jpg 1160w, https:\/\/www.artforscience.eu\/wp-content\/uploads\/2023\/02\/AFS_photo_evenement28janvier2023-106-600x338.jpg 600w\" sizes=\"(max-width: 700px) 100vw, 700px\" \/><figcaption class=\"blocks-gallery-item__caption\">Les oeuvres dans le showroom RBC Mobilier<\/figcaption><\/figure><\/li><li class=\"blocks-gallery-item\"><figure><img loading=\"lazy\" width=\"700\" height=\"394\" src=\"https:\/\/www.artforscience.eu\/wp-content\/uploads\/2023\/02\/AFS_photo_evenement28janvier2023-107-700x394.jpg\" alt=\"\" data-id=\"3995\" data-full-url=\"https:\/\/www.artforscience.eu\/wp-content\/uploads\/2023\/02\/AFS_photo_evenement28janvier2023-107-scaled.jpg\" data-link=\"https:\/\/www.artforscience.eu\/?attachment_id=3995\" class=\"wp-image-3995\" srcset=\"https:\/\/www.artforscience.eu\/wp-content\/uploads\/2023\/02\/AFS_photo_evenement28janvier2023-107-700x394.jpg 700w, https:\/\/www.artforscience.eu\/wp-content\/uploads\/2023\/02\/AFS_photo_evenement28janvier2023-107-300x169.jpg 300w, https:\/\/www.artforscience.eu\/wp-content\/uploads\/2023\/02\/AFS_photo_evenement28janvier2023-107-768x432.jpg 768w, https:\/\/www.artforscience.eu\/wp-content\/uploads\/2023\/02\/AFS_photo_evenement28janvier2023-107-1536x865.jpg 1536w, https:\/\/www.artforscience.eu\/wp-content\/uploads\/2023\/02\/AFS_photo_evenement28janvier2023-107-2048x1153.jpg 2048w, https:\/\/www.artforscience.eu\/wp-content\/uploads\/2023\/02\/AFS_photo_evenement28janvier2023-107-18x10.jpg 18w, https:\/\/www.artforscience.eu\/wp-content\/uploads\/2023\/02\/AFS_photo_evenement28janvier2023-107-1160x653.jpg 1160w, https:\/\/www.artforscience.eu\/wp-content\/uploads\/2023\/02\/AFS_photo_evenement28janvier2023-107-600x338.jpg 600w\" sizes=\"(max-width: 700px) 100vw, 700px\" \/><figcaption class=\"blocks-gallery-item__caption\">Oeuvre de Neffati<\/figcaption><\/figure><\/li><li class=\"blocks-gallery-item\"><figure><img loading=\"lazy\" width=\"700\" height=\"394\" src=\"https:\/\/www.artforscience.eu\/wp-content\/uploads\/2023\/02\/AFS_photo_evenement28janvier2023-108-700x394.jpg\" alt=\"\" data-id=\"3996\" data-full-url=\"https:\/\/www.artforscience.eu\/wp-content\/uploads\/2023\/02\/AFS_photo_evenement28janvier2023-108-scaled.jpg\" data-link=\"https:\/\/www.artforscience.eu\/?attachment_id=3996\" class=\"wp-image-3996\" srcset=\"https:\/\/www.artforscience.eu\/wp-content\/uploads\/2023\/02\/AFS_photo_evenement28janvier2023-108-700x394.jpg 700w, https:\/\/www.artforscience.eu\/wp-content\/uploads\/2023\/02\/AFS_photo_evenement28janvier2023-108-300x169.jpg 300w, https:\/\/www.artforscience.eu\/wp-content\/uploads\/2023\/02\/AFS_photo_evenement28janvier2023-108-768x432.jpg 768w, https:\/\/www.artforscience.eu\/wp-content\/uploads\/2023\/02\/AFS_photo_evenement28janvier2023-108-1536x865.jpg 1536w, https:\/\/www.artforscience.eu\/wp-content\/uploads\/2023\/02\/AFS_photo_evenement28janvier2023-108-2048x1153.jpg 2048w, https:\/\/www.artforscience.eu\/wp-content\/uploads\/2023\/02\/AFS_photo_evenement28janvier2023-108-18x10.jpg 18w, https:\/\/www.artforscience.eu\/wp-content\/uploads\/2023\/02\/AFS_photo_evenement28janvier2023-108-1160x653.jpg 1160w, https:\/\/www.artforscience.eu\/wp-content\/uploads\/2023\/02\/AFS_photo_evenement28janvier2023-108-600x338.jpg 600w\" sizes=\"(max-width: 700px) 100vw, 700px\" \/><figcaption class=\"blocks-gallery-item__caption\">Arriv\u00e9e des participants<\/figcaption><\/figure><\/li><li class=\"blocks-gallery-item\"><figure><img loading=\"lazy\" width=\"700\" height=\"394\" src=\"https:\/\/www.artforscience.eu\/wp-content\/uploads\/2023\/02\/AFS_photo_evenement28janvier2023-110-700x394.jpg\" alt=\"\" data-id=\"3997\" data-full-url=\"https:\/\/www.artforscience.eu\/wp-content\/uploads\/2023\/02\/AFS_photo_evenement28janvier2023-110-scaled.jpg\" data-link=\"https:\/\/www.artforscience.eu\/?attachment_id=3997\" class=\"wp-image-3997\" srcset=\"https:\/\/www.artforscience.eu\/wp-content\/uploads\/2023\/02\/AFS_photo_evenement28janvier2023-110-700x394.jpg 700w, https:\/\/www.artforscience.eu\/wp-content\/uploads\/2023\/02\/AFS_photo_evenement28janvier2023-110-300x169.jpg 300w, https:\/\/www.artforscience.eu\/wp-content\/uploads\/2023\/02\/AFS_photo_evenement28janvier2023-110-768x432.jpg 768w, https:\/\/www.artforscience.eu\/wp-content\/uploads\/2023\/02\/AFS_photo_evenement28janvier2023-110-1536x865.jpg 1536w, https:\/\/www.artforscience.eu\/wp-content\/uploads\/2023\/02\/AFS_photo_evenement28janvier2023-110-2048x1153.jpg 2048w, https:\/\/www.artforscience.eu\/wp-content\/uploads\/2023\/02\/AFS_photo_evenement28janvier2023-110-18x10.jpg 18w, https:\/\/www.artforscience.eu\/wp-content\/uploads\/2023\/02\/AFS_photo_evenement28janvier2023-110-1160x653.jpg 1160w, https:\/\/www.artforscience.eu\/wp-content\/uploads\/2023\/02\/AFS_photo_evenement28janvier2023-110-600x338.jpg 600w\" sizes=\"(max-width: 700px) 100vw, 700px\" \/><figcaption class=\"blocks-gallery-item__caption\">Oeuvre de Leila Moumen<\/figcaption><\/figure><\/li><li class=\"blocks-gallery-item\"><figure><img loading=\"lazy\" width=\"700\" height=\"394\" src=\"https:\/\/www.artforscience.eu\/wp-content\/uploads\/2023\/02\/AFS_photo_evenement28janvier2023-122-700x394.jpg\" alt=\"\" data-id=\"3998\" data-full-url=\"https:\/\/www.artforscience.eu\/wp-content\/uploads\/2023\/02\/AFS_photo_evenement28janvier2023-122-scaled.jpg\" data-link=\"https:\/\/www.artforscience.eu\/?attachment_id=3998\" class=\"wp-image-3998\" srcset=\"https:\/\/www.artforscience.eu\/wp-content\/uploads\/2023\/02\/AFS_photo_evenement28janvier2023-122-700x394.jpg 700w, https:\/\/www.artforscience.eu\/wp-content\/uploads\/2023\/02\/AFS_photo_evenement28janvier2023-122-300x169.jpg 300w, https:\/\/www.artforscience.eu\/wp-content\/uploads\/2023\/02\/AFS_photo_evenement28janvier2023-122-768x432.jpg 768w, https:\/\/www.artforscience.eu\/wp-content\/uploads\/2023\/02\/AFS_photo_evenement28janvier2023-122-1536x865.jpg 1536w, https:\/\/www.artforscience.eu\/wp-content\/uploads\/2023\/02\/AFS_photo_evenement28janvier2023-122-2048x1153.jpg 2048w, https:\/\/www.artforscience.eu\/wp-content\/uploads\/2023\/02\/AFS_photo_evenement28janvier2023-122-18x10.jpg 18w, https:\/\/www.artforscience.eu\/wp-content\/uploads\/2023\/02\/AFS_photo_evenement28janvier2023-122-1160x653.jpg 1160w, https:\/\/www.artforscience.eu\/wp-content\/uploads\/2023\/02\/AFS_photo_evenement28janvier2023-122-600x338.jpg 600w\" sizes=\"(max-width: 700px) 100vw, 700px\" \/><figcaption class=\"blocks-gallery-item__caption\">Serge, \u00e9quipe Art For Science<\/figcaption><\/figure><\/li><li class=\"blocks-gallery-item\"><figure><img loading=\"lazy\" width=\"700\" height=\"394\" src=\"https:\/\/www.artforscience.eu\/wp-content\/uploads\/2023\/02\/AFS_photo_evenement28janvier2023-124-700x394.jpg\" alt=\"\" data-id=\"3999\" data-full-url=\"https:\/\/www.artforscience.eu\/wp-content\/uploads\/2023\/02\/AFS_photo_evenement28janvier2023-124-scaled.jpg\" data-link=\"https:\/\/www.artforscience.eu\/?attachment_id=3999\" class=\"wp-image-3999\" srcset=\"https:\/\/www.artforscience.eu\/wp-content\/uploads\/2023\/02\/AFS_photo_evenement28janvier2023-124-700x394.jpg 700w, https:\/\/www.artforscience.eu\/wp-content\/uploads\/2023\/02\/AFS_photo_evenement28janvier2023-124-300x169.jpg 300w, https:\/\/www.artforscience.eu\/wp-content\/uploads\/2023\/02\/AFS_photo_evenement28janvier2023-124-768x432.jpg 768w, https:\/\/www.artforscience.eu\/wp-content\/uploads\/2023\/02\/AFS_photo_evenement28janvier2023-124-1536x865.jpg 1536w, https:\/\/www.artforscience.eu\/wp-content\/uploads\/2023\/02\/AFS_photo_evenement28janvier2023-124-2048x1153.jpg 2048w, https:\/\/www.artforscience.eu\/wp-content\/uploads\/2023\/02\/AFS_photo_evenement28janvier2023-124-18x10.jpg 18w, https:\/\/www.artforscience.eu\/wp-content\/uploads\/2023\/02\/AFS_photo_evenement28janvier2023-124-1160x653.jpg 1160w, https:\/\/www.artforscience.eu\/wp-content\/uploads\/2023\/02\/AFS_photo_evenement28janvier2023-124-600x338.jpg 600w\" sizes=\"(max-width: 700px) 100vw, 700px\" \/><figcaption class=\"blocks-gallery-item__caption\">Oeuvres Aur\u00e9lie Salvaing<\/figcaption><\/figure><\/li><li class=\"blocks-gallery-item\"><figure><img loading=\"lazy\" width=\"700\" height=\"394\" src=\"https:\/\/www.artforscience.eu\/wp-content\/uploads\/2023\/02\/AFS_photo_evenement28janvier2023-130-700x394.jpg\" alt=\"\" data-id=\"4000\" data-full-url=\"https:\/\/www.artforscience.eu\/wp-content\/uploads\/2023\/02\/AFS_photo_evenement28janvier2023-130-scaled.jpg\" data-link=\"https:\/\/www.artforscience.eu\/?attachment_id=4000\" class=\"wp-image-4000\" srcset=\"https:\/\/www.artforscience.eu\/wp-content\/uploads\/2023\/02\/AFS_photo_evenement28janvier2023-130-700x394.jpg 700w, https:\/\/www.artforscience.eu\/wp-content\/uploads\/2023\/02\/AFS_photo_evenement28janvier2023-130-300x169.jpg 300w, https:\/\/www.artforscience.eu\/wp-content\/uploads\/2023\/02\/AFS_photo_evenement28janvier2023-130-768x432.jpg 768w, https:\/\/www.artforscience.eu\/wp-content\/uploads\/2023\/02\/AFS_photo_evenement28janvier2023-130-1536x865.jpg 1536w, https:\/\/www.artforscience.eu\/wp-content\/uploads\/2023\/02\/AFS_photo_evenement28janvier2023-130-2048x1153.jpg 2048w, https:\/\/www.artforscience.eu\/wp-content\/uploads\/2023\/02\/AFS_photo_evenement28janvier2023-130-18x10.jpg 18w, https:\/\/www.artforscience.eu\/wp-content\/uploads\/2023\/02\/AFS_photo_evenement28janvier2023-130-1160x653.jpg 1160w, https:\/\/www.artforscience.eu\/wp-content\/uploads\/2023\/02\/AFS_photo_evenement28janvier2023-130-600x338.jpg 600w\" sizes=\"(max-width: 700px) 100vw, 700px\" \/><figcaption class=\"blocks-gallery-item__caption\">Le public est pr\u00eat<\/figcaption><\/figure><\/li><li class=\"blocks-gallery-item\"><figure><img loading=\"lazy\" width=\"700\" height=\"394\" src=\"https:\/\/www.artforscience.eu\/wp-content\/uploads\/2023\/02\/AFS_photo_evenement28janvier2023-131-700x394.jpg\" alt=\"\" data-id=\"4001\" data-full-url=\"https:\/\/www.artforscience.eu\/wp-content\/uploads\/2023\/02\/AFS_photo_evenement28janvier2023-131-scaled.jpg\" data-link=\"https:\/\/www.artforscience.eu\/?attachment_id=4001\" class=\"wp-image-4001\" srcset=\"https:\/\/www.artforscience.eu\/wp-content\/uploads\/2023\/02\/AFS_photo_evenement28janvier2023-131-700x394.jpg 700w, https:\/\/www.artforscience.eu\/wp-content\/uploads\/2023\/02\/AFS_photo_evenement28janvier2023-131-300x169.jpg 300w, https:\/\/www.artforscience.eu\/wp-content\/uploads\/2023\/02\/AFS_photo_evenement28janvier2023-131-768x432.jpg 768w, https:\/\/www.artforscience.eu\/wp-content\/uploads\/2023\/02\/AFS_photo_evenement28janvier2023-131-1536x865.jpg 1536w, https:\/\/www.artforscience.eu\/wp-content\/uploads\/2023\/02\/AFS_photo_evenement28janvier2023-131-2048x1153.jpg 2048w, https:\/\/www.artforscience.eu\/wp-content\/uploads\/2023\/02\/AFS_photo_evenement28janvier2023-131-18x10.jpg 18w, https:\/\/www.artforscience.eu\/wp-content\/uploads\/2023\/02\/AFS_photo_evenement28janvier2023-131-1160x653.jpg 1160w, https:\/\/www.artforscience.eu\/wp-content\/uploads\/2023\/02\/AFS_photo_evenement28janvier2023-131-600x338.jpg 600w\" sizes=\"(max-width: 700px) 100vw, 700px\" \/><figcaption class=\"blocks-gallery-item__caption\">Les lyonnais sont venus nombreux<\/figcaption><\/figure><\/li><li class=\"blocks-gallery-item\"><figure><img loading=\"lazy\" width=\"700\" height=\"394\" src=\"https:\/\/www.artforscience.eu\/wp-content\/uploads\/2023\/02\/AFS_photo_evenement28janvier2023-132-700x394.jpg\" alt=\"\" data-id=\"4002\" data-full-url=\"https:\/\/www.artforscience.eu\/wp-content\/uploads\/2023\/02\/AFS_photo_evenement28janvier2023-132-scaled.jpg\" data-link=\"https:\/\/www.artforscience.eu\/?attachment_id=4002\" class=\"wp-image-4002\" srcset=\"https:\/\/www.artforscience.eu\/wp-content\/uploads\/2023\/02\/AFS_photo_evenement28janvier2023-132-700x394.jpg 700w, https:\/\/www.artforscience.eu\/wp-content\/uploads\/2023\/02\/AFS_photo_evenement28janvier2023-132-300x169.jpg 300w, https:\/\/www.artforscience.eu\/wp-content\/uploads\/2023\/02\/AFS_photo_evenement28janvier2023-132-768x432.jpg 768w, https:\/\/www.artforscience.eu\/wp-content\/uploads\/2023\/02\/AFS_photo_evenement28janvier2023-132-1536x865.jpg 1536w, https:\/\/www.artforscience.eu\/wp-content\/uploads\/2023\/02\/AFS_photo_evenement28janvier2023-132-2048x1153.jpg 2048w, https:\/\/www.artforscience.eu\/wp-content\/uploads\/2023\/02\/AFS_photo_evenement28janvier2023-132-18x10.jpg 18w, https:\/\/www.artforscience.eu\/wp-content\/uploads\/2023\/02\/AFS_photo_evenement28janvier2023-132-1160x653.jpg 1160w, https:\/\/www.artforscience.eu\/wp-content\/uploads\/2023\/02\/AFS_photo_evenement28janvier2023-132-600x338.jpg 600w\" sizes=\"(max-width: 700px) 100vw, 700px\" \/><figcaption class=\"blocks-gallery-item__caption\">Oeuvre de Anne Molines<\/figcaption><\/figure><\/li><li class=\"blocks-gallery-item\"><figure><img loading=\"lazy\" width=\"700\" height=\"394\" src=\"https:\/\/www.artforscience.eu\/wp-content\/uploads\/2023\/02\/AFS_photo_evenement28janvier2023-138-700x394.jpg\" alt=\"\" data-id=\"4003\" data-full-url=\"https:\/\/www.artforscience.eu\/wp-content\/uploads\/2023\/02\/AFS_photo_evenement28janvier2023-138-scaled.jpg\" data-link=\"https:\/\/www.artforscience.eu\/?attachment_id=4003\" class=\"wp-image-4003\" srcset=\"https:\/\/www.artforscience.eu\/wp-content\/uploads\/2023\/02\/AFS_photo_evenement28janvier2023-138-700x394.jpg 700w, https:\/\/www.artforscience.eu\/wp-content\/uploads\/2023\/02\/AFS_photo_evenement28janvier2023-138-300x169.jpg 300w, https:\/\/www.artforscience.eu\/wp-content\/uploads\/2023\/02\/AFS_photo_evenement28janvier2023-138-768x432.jpg 768w, https:\/\/www.artforscience.eu\/wp-content\/uploads\/2023\/02\/AFS_photo_evenement28janvier2023-138-1536x865.jpg 1536w, https:\/\/www.artforscience.eu\/wp-content\/uploads\/2023\/02\/AFS_photo_evenement28janvier2023-138-2048x1153.jpg 2048w, https:\/\/www.artforscience.eu\/wp-content\/uploads\/2023\/02\/AFS_photo_evenement28janvier2023-138-18x10.jpg 18w, https:\/\/www.artforscience.eu\/wp-content\/uploads\/2023\/02\/AFS_photo_evenement28janvier2023-138-1160x653.jpg 1160w, https:\/\/www.artforscience.eu\/wp-content\/uploads\/2023\/02\/AFS_photo_evenement28janvier2023-138-600x338.jpg 600w\" sizes=\"(max-width: 700px) 100vw, 700px\" \/><figcaption class=\"blocks-gallery-item__caption\">Les artistes arrivent<\/figcaption><\/figure><\/li><li class=\"blocks-gallery-item\"><figure><img loading=\"lazy\" width=\"700\" height=\"394\" src=\"https:\/\/www.artforscience.eu\/wp-content\/uploads\/2023\/02\/AFS_photo_evenement28janvier2023-146-700x394.jpg\" alt=\"\" data-id=\"4004\" data-full-url=\"https:\/\/www.artforscience.eu\/wp-content\/uploads\/2023\/02\/AFS_photo_evenement28janvier2023-146-scaled.jpg\" data-link=\"https:\/\/www.artforscience.eu\/?attachment_id=4004\" class=\"wp-image-4004\" srcset=\"https:\/\/www.artforscience.eu\/wp-content\/uploads\/2023\/02\/AFS_photo_evenement28janvier2023-146-700x394.jpg 700w, https:\/\/www.artforscience.eu\/wp-content\/uploads\/2023\/02\/AFS_photo_evenement28janvier2023-146-300x169.jpg 300w, https:\/\/www.artforscience.eu\/wp-content\/uploads\/2023\/02\/AFS_photo_evenement28janvier2023-146-768x432.jpg 768w, https:\/\/www.artforscience.eu\/wp-content\/uploads\/2023\/02\/AFS_photo_evenement28janvier2023-146-1536x865.jpg 1536w, https:\/\/www.artforscience.eu\/wp-content\/uploads\/2023\/02\/AFS_photo_evenement28janvier2023-146-2048x1153.jpg 2048w, https:\/\/www.artforscience.eu\/wp-content\/uploads\/2023\/02\/AFS_photo_evenement28janvier2023-146-18x10.jpg 18w, https:\/\/www.artforscience.eu\/wp-content\/uploads\/2023\/02\/AFS_photo_evenement28janvier2023-146-1160x653.jpg 1160w, https:\/\/www.artforscience.eu\/wp-content\/uploads\/2023\/02\/AFS_photo_evenement28janvier2023-146-600x338.jpg 600w\" sizes=\"(max-width: 700px) 100vw, 700px\" \/><figcaption class=\"blocks-gallery-item__caption\">La conf\u00e9rence va commencer<\/figcaption><\/figure><\/li><li class=\"blocks-gallery-item\"><figure><img loading=\"lazy\" width=\"700\" height=\"394\" src=\"https:\/\/www.artforscience.eu\/wp-content\/uploads\/2023\/02\/AFS_photo_evenement28janvier2023-147-700x394.jpg\" alt=\"\" data-id=\"4005\" data-full-url=\"https:\/\/www.artforscience.eu\/wp-content\/uploads\/2023\/02\/AFS_photo_evenement28janvier2023-147-scaled.jpg\" data-link=\"https:\/\/www.artforscience.eu\/?attachment_id=4005\" class=\"wp-image-4005\" srcset=\"https:\/\/www.artforscience.eu\/wp-content\/uploads\/2023\/02\/AFS_photo_evenement28janvier2023-147-700x394.jpg 700w, https:\/\/www.artforscience.eu\/wp-content\/uploads\/2023\/02\/AFS_photo_evenement28janvier2023-147-300x169.jpg 300w, https:\/\/www.artforscience.eu\/wp-content\/uploads\/2023\/02\/AFS_photo_evenement28janvier2023-147-768x432.jpg 768w, https:\/\/www.artforscience.eu\/wp-content\/uploads\/2023\/02\/AFS_photo_evenement28janvier2023-147-1536x865.jpg 1536w, https:\/\/www.artforscience.eu\/wp-content\/uploads\/2023\/02\/AFS_photo_evenement28janvier2023-147-2048x1153.jpg 2048w, https:\/\/www.artforscience.eu\/wp-content\/uploads\/2023\/02\/AFS_photo_evenement28janvier2023-147-18x10.jpg 18w, https:\/\/www.artforscience.eu\/wp-content\/uploads\/2023\/02\/AFS_photo_evenement28janvier2023-147-1160x653.jpg 1160w, https:\/\/www.artforscience.eu\/wp-content\/uploads\/2023\/02\/AFS_photo_evenement28janvier2023-147-600x338.jpg 600w\" sizes=\"(max-width: 700px) 100vw, 700px\" \/><\/figure><\/li><li class=\"blocks-gallery-item\"><figure><img loading=\"lazy\" width=\"700\" height=\"394\" src=\"https:\/\/www.artforscience.eu\/wp-content\/uploads\/2023\/02\/AFS_photo_evenement28janvier2023-149-700x394.jpg\" alt=\"\" data-id=\"4006\" data-full-url=\"https:\/\/www.artforscience.eu\/wp-content\/uploads\/2023\/02\/AFS_photo_evenement28janvier2023-149-scaled.jpg\" data-link=\"https:\/\/www.artforscience.eu\/?attachment_id=4006\" class=\"wp-image-4006\" srcset=\"https:\/\/www.artforscience.eu\/wp-content\/uploads\/2023\/02\/AFS_photo_evenement28janvier2023-149-700x394.jpg 700w, https:\/\/www.artforscience.eu\/wp-content\/uploads\/2023\/02\/AFS_photo_evenement28janvier2023-149-300x169.jpg 300w, https:\/\/www.artforscience.eu\/wp-content\/uploads\/2023\/02\/AFS_photo_evenement28janvier2023-149-768x432.jpg 768w, https:\/\/www.artforscience.eu\/wp-content\/uploads\/2023\/02\/AFS_photo_evenement28janvier2023-149-1536x865.jpg 1536w, https:\/\/www.artforscience.eu\/wp-content\/uploads\/2023\/02\/AFS_photo_evenement28janvier2023-149-2048x1153.jpg 2048w, https:\/\/www.artforscience.eu\/wp-content\/uploads\/2023\/02\/AFS_photo_evenement28janvier2023-149-18x10.jpg 18w, https:\/\/www.artforscience.eu\/wp-content\/uploads\/2023\/02\/AFS_photo_evenement28janvier2023-149-1160x653.jpg 1160w, https:\/\/www.artforscience.eu\/wp-content\/uploads\/2023\/02\/AFS_photo_evenement28janvier2023-149-600x338.jpg 600w\" sizes=\"(max-width: 700px) 100vw, 700px\" \/><\/figure><\/li><li class=\"blocks-gallery-item\"><figure><img loading=\"lazy\" width=\"700\" height=\"394\" src=\"https:\/\/www.artforscience.eu\/wp-content\/uploads\/2023\/02\/AFS_photo_evenement28janvier2023-150-700x394.jpg\" alt=\"\" data-id=\"4007\" data-full-url=\"https:\/\/www.artforscience.eu\/wp-content\/uploads\/2023\/02\/AFS_photo_evenement28janvier2023-150-scaled.jpg\" data-link=\"https:\/\/www.artforscience.eu\/?attachment_id=4007\" class=\"wp-image-4007\" srcset=\"https:\/\/www.artforscience.eu\/wp-content\/uploads\/2023\/02\/AFS_photo_evenement28janvier2023-150-700x394.jpg 700w, https:\/\/www.artforscience.eu\/wp-content\/uploads\/2023\/02\/AFS_photo_evenement28janvier2023-150-300x169.jpg 300w, https:\/\/www.artforscience.eu\/wp-content\/uploads\/2023\/02\/AFS_photo_evenement28janvier2023-150-768x432.jpg 768w, https:\/\/www.artforscience.eu\/wp-content\/uploads\/2023\/02\/AFS_photo_evenement28janvier2023-150-1536x865.jpg 1536w, https:\/\/www.artforscience.eu\/wp-content\/uploads\/2023\/02\/AFS_photo_evenement28janvier2023-150-2048x1153.jpg 2048w, https:\/\/www.artforscience.eu\/wp-content\/uploads\/2023\/02\/AFS_photo_evenement28janvier2023-150-18x10.jpg 18w, https:\/\/www.artforscience.eu\/wp-content\/uploads\/2023\/02\/AFS_photo_evenement28janvier2023-150-1160x653.jpg 1160w, https:\/\/www.artforscience.eu\/wp-content\/uploads\/2023\/02\/AFS_photo_evenement28janvier2023-150-600x338.jpg 600w\" sizes=\"(max-width: 700px) 100vw, 700px\" \/><\/figure><\/li><li class=\"blocks-gallery-item\"><figure><img loading=\"lazy\" width=\"700\" height=\"394\" src=\"https:\/\/www.artforscience.eu\/wp-content\/uploads\/2023\/02\/AFS_photo_evenement28janvier2023-151-700x394.jpg\" alt=\"\" data-id=\"4008\" data-full-url=\"https:\/\/www.artforscience.eu\/wp-content\/uploads\/2023\/02\/AFS_photo_evenement28janvier2023-151-scaled.jpg\" data-link=\"https:\/\/www.artforscience.eu\/?attachment_id=4008\" class=\"wp-image-4008\" srcset=\"https:\/\/www.artforscience.eu\/wp-content\/uploads\/2023\/02\/AFS_photo_evenement28janvier2023-151-700x394.jpg 700w, https:\/\/www.artforscience.eu\/wp-content\/uploads\/2023\/02\/AFS_photo_evenement28janvier2023-151-300x169.jpg 300w, https:\/\/www.artforscience.eu\/wp-content\/uploads\/2023\/02\/AFS_photo_evenement28janvier2023-151-768x432.jpg 768w, https:\/\/www.artforscience.eu\/wp-content\/uploads\/2023\/02\/AFS_photo_evenement28janvier2023-151-1536x865.jpg 1536w, https:\/\/www.artforscience.eu\/wp-content\/uploads\/2023\/02\/AFS_photo_evenement28janvier2023-151-2048x1153.jpg 2048w, https:\/\/www.artforscience.eu\/wp-content\/uploads\/2023\/02\/AFS_photo_evenement28janvier2023-151-18x10.jpg 18w, https:\/\/www.artforscience.eu\/wp-content\/uploads\/2023\/02\/AFS_photo_evenement28janvier2023-151-1160x653.jpg 1160w, https:\/\/www.artforscience.eu\/wp-content\/uploads\/2023\/02\/AFS_photo_evenement28janvier2023-151-600x338.jpg 600w\" sizes=\"(max-width: 700px) 100vw, 700px\" \/><\/figure><\/li><li class=\"blocks-gallery-item\"><figure><img loading=\"lazy\" width=\"700\" height=\"394\" src=\"https:\/\/www.artforscience.eu\/wp-content\/uploads\/2023\/02\/AFS_photo_evenement28janvier2023-156-700x394.jpg\" alt=\"\" data-id=\"4009\" data-full-url=\"https:\/\/www.artforscience.eu\/wp-content\/uploads\/2023\/02\/AFS_photo_evenement28janvier2023-156-scaled.jpg\" data-link=\"https:\/\/www.artforscience.eu\/?attachment_id=4009\" class=\"wp-image-4009\" srcset=\"https:\/\/www.artforscience.eu\/wp-content\/uploads\/2023\/02\/AFS_photo_evenement28janvier2023-156-700x394.jpg 700w, https:\/\/www.artforscience.eu\/wp-content\/uploads\/2023\/02\/AFS_photo_evenement28janvier2023-156-300x169.jpg 300w, https:\/\/www.artforscience.eu\/wp-content\/uploads\/2023\/02\/AFS_photo_evenement28janvier2023-156-768x432.jpg 768w, https:\/\/www.artforscience.eu\/wp-content\/uploads\/2023\/02\/AFS_photo_evenement28janvier2023-156-1536x865.jpg 1536w, https:\/\/www.artforscience.eu\/wp-content\/uploads\/2023\/02\/AFS_photo_evenement28janvier2023-156-2048x1153.jpg 2048w, https:\/\/www.artforscience.eu\/wp-content\/uploads\/2023\/02\/AFS_photo_evenement28janvier2023-156-18x10.jpg 18w, https:\/\/www.artforscience.eu\/wp-content\/uploads\/2023\/02\/AFS_photo_evenement28janvier2023-156-1160x653.jpg 1160w, https:\/\/www.artforscience.eu\/wp-content\/uploads\/2023\/02\/AFS_photo_evenement28janvier2023-156-600x338.jpg 600w\" sizes=\"(max-width: 700px) 100vw, 700px\" \/><\/figure><\/li><li class=\"blocks-gallery-item\"><figure><img loading=\"lazy\" width=\"700\" height=\"394\" src=\"https:\/\/www.artforscience.eu\/wp-content\/uploads\/2023\/02\/AFS_photo_evenement28janvier2023-158-700x394.jpg\" alt=\"\" data-id=\"4010\" data-full-url=\"https:\/\/www.artforscience.eu\/wp-content\/uploads\/2023\/02\/AFS_photo_evenement28janvier2023-158-scaled.jpg\" data-link=\"https:\/\/www.artforscience.eu\/?attachment_id=4010\" class=\"wp-image-4010\" srcset=\"https:\/\/www.artforscience.eu\/wp-content\/uploads\/2023\/02\/AFS_photo_evenement28janvier2023-158-700x394.jpg 700w, https:\/\/www.artforscience.eu\/wp-content\/uploads\/2023\/02\/AFS_photo_evenement28janvier2023-158-300x169.jpg 300w, https:\/\/www.artforscience.eu\/wp-content\/uploads\/2023\/02\/AFS_photo_evenement28janvier2023-158-768x432.jpg 768w, https:\/\/www.artforscience.eu\/wp-content\/uploads\/2023\/02\/AFS_photo_evenement28janvier2023-158-1536x865.jpg 1536w, https:\/\/www.artforscience.eu\/wp-content\/uploads\/2023\/02\/AFS_photo_evenement28janvier2023-158-2048x1153.jpg 2048w, https:\/\/www.artforscience.eu\/wp-content\/uploads\/2023\/02\/AFS_photo_evenement28janvier2023-158-18x10.jpg 18w, https:\/\/www.artforscience.eu\/wp-content\/uploads\/2023\/02\/AFS_photo_evenement28janvier2023-158-1160x653.jpg 1160w, https:\/\/www.artforscience.eu\/wp-content\/uploads\/2023\/02\/AFS_photo_evenement28janvier2023-158-600x338.jpg 600w\" sizes=\"(max-width: 700px) 100vw, 700px\" \/><figcaption class=\"blocks-gallery-item__caption\">M\u00e9lanie Dal Gobbo, directrice Art For Science<\/figcaption><\/figure><\/li><li class=\"blocks-gallery-item\"><figure><img loading=\"lazy\" width=\"700\" height=\"394\" src=\"https:\/\/www.artforscience.eu\/wp-content\/uploads\/2023\/02\/AFS_photo_evenement28janvier2023-160-700x394.jpg\" alt=\"\" data-id=\"4011\" data-full-url=\"https:\/\/www.artforscience.eu\/wp-content\/uploads\/2023\/02\/AFS_photo_evenement28janvier2023-160-scaled.jpg\" data-link=\"https:\/\/www.artforscience.eu\/?attachment_id=4011\" class=\"wp-image-4011\" srcset=\"https:\/\/www.artforscience.eu\/wp-content\/uploads\/2023\/02\/AFS_photo_evenement28janvier2023-160-700x394.jpg 700w, https:\/\/www.artforscience.eu\/wp-content\/uploads\/2023\/02\/AFS_photo_evenement28janvier2023-160-300x169.jpg 300w, https:\/\/www.artforscience.eu\/wp-content\/uploads\/2023\/02\/AFS_photo_evenement28janvier2023-160-768x432.jpg 768w, https:\/\/www.artforscience.eu\/wp-content\/uploads\/2023\/02\/AFS_photo_evenement28janvier2023-160-1536x865.jpg 1536w, https:\/\/www.artforscience.eu\/wp-content\/uploads\/2023\/02\/AFS_photo_evenement28janvier2023-160-2048x1153.jpg 2048w, https:\/\/www.artforscience.eu\/wp-content\/uploads\/2023\/02\/AFS_photo_evenement28janvier2023-160-18x10.jpg 18w, https:\/\/www.artforscience.eu\/wp-content\/uploads\/2023\/02\/AFS_photo_evenement28janvier2023-160-1160x653.jpg 1160w, https:\/\/www.artforscience.eu\/wp-content\/uploads\/2023\/02\/AFS_photo_evenement28janvier2023-160-600x338.jpg 600w\" sizes=\"(max-width: 700px) 100vw, 700px\" \/><figcaption class=\"blocks-gallery-item__caption\">M\u00e9lanie Dal Gobbo et Tania Portas, d\u00e9veloppement d&rsquo;Art For Science<\/figcaption><\/figure><\/li><li class=\"blocks-gallery-item\"><figure><img loading=\"lazy\" width=\"700\" height=\"394\" src=\"https:\/\/www.artforscience.eu\/wp-content\/uploads\/2023\/02\/AFS_photo_evenement28janvier2023-161-700x394.jpg\" alt=\"\" data-id=\"4012\" data-full-url=\"https:\/\/www.artforscience.eu\/wp-content\/uploads\/2023\/02\/AFS_photo_evenement28janvier2023-161-scaled.jpg\" data-link=\"https:\/\/www.artforscience.eu\/?attachment_id=4012\" class=\"wp-image-4012\" srcset=\"https:\/\/www.artforscience.eu\/wp-content\/uploads\/2023\/02\/AFS_photo_evenement28janvier2023-161-700x394.jpg 700w, https:\/\/www.artforscience.eu\/wp-content\/uploads\/2023\/02\/AFS_photo_evenement28janvier2023-161-300x169.jpg 300w, https:\/\/www.artforscience.eu\/wp-content\/uploads\/2023\/02\/AFS_photo_evenement28janvier2023-161-768x432.jpg 768w, https:\/\/www.artforscience.eu\/wp-content\/uploads\/2023\/02\/AFS_photo_evenement28janvier2023-161-1536x865.jpg 1536w, https:\/\/www.artforscience.eu\/wp-content\/uploads\/2023\/02\/AFS_photo_evenement28janvier2023-161-2048x1153.jpg 2048w, https:\/\/www.artforscience.eu\/wp-content\/uploads\/2023\/02\/AFS_photo_evenement28janvier2023-161-18x10.jpg 18w, https:\/\/www.artforscience.eu\/wp-content\/uploads\/2023\/02\/AFS_photo_evenement28janvier2023-161-1160x653.jpg 1160w, https:\/\/www.artforscience.eu\/wp-content\/uploads\/2023\/02\/AFS_photo_evenement28janvier2023-161-600x338.jpg 600w\" sizes=\"(max-width: 700px) 100vw, 700px\" \/><figcaption class=\"blocks-gallery-item__caption\">S\u00e9verine Dominique, Pr\u00e9sidente 2023 Art For Science<\/figcaption><\/figure><\/li><li class=\"blocks-gallery-item\"><figure><img loading=\"lazy\" width=\"700\" height=\"394\" src=\"https:\/\/www.artforscience.eu\/wp-content\/uploads\/2023\/02\/AFS_photo_evenement28janvier2023-162-700x394.jpg\" alt=\"\" data-id=\"4013\" data-full-url=\"https:\/\/www.artforscience.eu\/wp-content\/uploads\/2023\/02\/AFS_photo_evenement28janvier2023-162-scaled.jpg\" data-link=\"https:\/\/www.artforscience.eu\/?attachment_id=4013\" class=\"wp-image-4013\" srcset=\"https:\/\/www.artforscience.eu\/wp-content\/uploads\/2023\/02\/AFS_photo_evenement28janvier2023-162-700x394.jpg 700w, https:\/\/www.artforscience.eu\/wp-content\/uploads\/2023\/02\/AFS_photo_evenement28janvier2023-162-300x169.jpg 300w, https:\/\/www.artforscience.eu\/wp-content\/uploads\/2023\/02\/AFS_photo_evenement28janvier2023-162-768x432.jpg 768w, https:\/\/www.artforscience.eu\/wp-content\/uploads\/2023\/02\/AFS_photo_evenement28janvier2023-162-1536x865.jpg 1536w, https:\/\/www.artforscience.eu\/wp-content\/uploads\/2023\/02\/AFS_photo_evenement28janvier2023-162-2048x1153.jpg 2048w, https:\/\/www.artforscience.eu\/wp-content\/uploads\/2023\/02\/AFS_photo_evenement28janvier2023-162-18x10.jpg 18w, https:\/\/www.artforscience.eu\/wp-content\/uploads\/2023\/02\/AFS_photo_evenement28janvier2023-162-1160x653.jpg 1160w, https:\/\/www.artforscience.eu\/wp-content\/uploads\/2023\/02\/AFS_photo_evenement28janvier2023-162-600x338.jpg 600w\" sizes=\"(max-width: 700px) 100vw, 700px\" \/><\/figure><\/li><li class=\"blocks-gallery-item\"><figure><img loading=\"lazy\" width=\"700\" height=\"394\" src=\"https:\/\/www.artforscience.eu\/wp-content\/uploads\/2023\/02\/AFS_photo_evenement28janvier2023-163-700x394.jpg\" alt=\"\" data-id=\"4014\" data-full-url=\"https:\/\/www.artforscience.eu\/wp-content\/uploads\/2023\/02\/AFS_photo_evenement28janvier2023-163-scaled.jpg\" data-link=\"https:\/\/www.artforscience.eu\/?attachment_id=4014\" class=\"wp-image-4014\" srcset=\"https:\/\/www.artforscience.eu\/wp-content\/uploads\/2023\/02\/AFS_photo_evenement28janvier2023-163-700x394.jpg 700w, https:\/\/www.artforscience.eu\/wp-content\/uploads\/2023\/02\/AFS_photo_evenement28janvier2023-163-300x169.jpg 300w, https:\/\/www.artforscience.eu\/wp-content\/uploads\/2023\/02\/AFS_photo_evenement28janvier2023-163-768x432.jpg 768w, https:\/\/www.artforscience.eu\/wp-content\/uploads\/2023\/02\/AFS_photo_evenement28janvier2023-163-1536x865.jpg 1536w, https:\/\/www.artforscience.eu\/wp-content\/uploads\/2023\/02\/AFS_photo_evenement28janvier2023-163-2048x1153.jpg 2048w, https:\/\/www.artforscience.eu\/wp-content\/uploads\/2023\/02\/AFS_photo_evenement28janvier2023-163-18x10.jpg 18w, https:\/\/www.artforscience.eu\/wp-content\/uploads\/2023\/02\/AFS_photo_evenement28janvier2023-163-1160x653.jpg 1160w, https:\/\/www.artforscience.eu\/wp-content\/uploads\/2023\/02\/AFS_photo_evenement28janvier2023-163-600x338.jpg 600w\" sizes=\"(max-width: 700px) 100vw, 700px\" \/><\/figure><\/li><li class=\"blocks-gallery-item\"><figure><img loading=\"lazy\" width=\"700\" height=\"394\" src=\"https:\/\/www.artforscience.eu\/wp-content\/uploads\/2023\/02\/AFS_photo_evenement28janvier2023-164-700x394.jpg\" alt=\"\" data-id=\"4015\" data-full-url=\"https:\/\/www.artforscience.eu\/wp-content\/uploads\/2023\/02\/AFS_photo_evenement28janvier2023-164-scaled.jpg\" data-link=\"https:\/\/www.artforscience.eu\/?attachment_id=4015\" class=\"wp-image-4015\" srcset=\"https:\/\/www.artforscience.eu\/wp-content\/uploads\/2023\/02\/AFS_photo_evenement28janvier2023-164-700x394.jpg 700w, https:\/\/www.artforscience.eu\/wp-content\/uploads\/2023\/02\/AFS_photo_evenement28janvier2023-164-300x169.jpg 300w, https:\/\/www.artforscience.eu\/wp-content\/uploads\/2023\/02\/AFS_photo_evenement28janvier2023-164-768x432.jpg 768w, https:\/\/www.artforscience.eu\/wp-content\/uploads\/2023\/02\/AFS_photo_evenement28janvier2023-164-1536x865.jpg 1536w, https:\/\/www.artforscience.eu\/wp-content\/uploads\/2023\/02\/AFS_photo_evenement28janvier2023-164-2048x1153.jpg 2048w, https:\/\/www.artforscience.eu\/wp-content\/uploads\/2023\/02\/AFS_photo_evenement28janvier2023-164-18x10.jpg 18w, https:\/\/www.artforscience.eu\/wp-content\/uploads\/2023\/02\/AFS_photo_evenement28janvier2023-164-1160x653.jpg 1160w, https:\/\/www.artforscience.eu\/wp-content\/uploads\/2023\/02\/AFS_photo_evenement28janvier2023-164-600x338.jpg 600w\" sizes=\"(max-width: 700px) 100vw, 700px\" \/><\/figure><\/li><li class=\"blocks-gallery-item\"><figure><img loading=\"lazy\" width=\"700\" height=\"394\" src=\"https:\/\/www.artforscience.eu\/wp-content\/uploads\/2023\/02\/AFS_photo_evenement28janvier2023-165-700x394.jpg\" alt=\"\" data-id=\"4016\" data-full-url=\"https:\/\/www.artforscience.eu\/wp-content\/uploads\/2023\/02\/AFS_photo_evenement28janvier2023-165-scaled.jpg\" data-link=\"https:\/\/www.artforscience.eu\/?attachment_id=4016\" class=\"wp-image-4016\" srcset=\"https:\/\/www.artforscience.eu\/wp-content\/uploads\/2023\/02\/AFS_photo_evenement28janvier2023-165-700x394.jpg 700w, https:\/\/www.artforscience.eu\/wp-content\/uploads\/2023\/02\/AFS_photo_evenement28janvier2023-165-300x169.jpg 300w, https:\/\/www.artforscience.eu\/wp-content\/uploads\/2023\/02\/AFS_photo_evenement28janvier2023-165-768x432.jpg 768w, https:\/\/www.artforscience.eu\/wp-content\/uploads\/2023\/02\/AFS_photo_evenement28janvier2023-165-1536x865.jpg 1536w, https:\/\/www.artforscience.eu\/wp-content\/uploads\/2023\/02\/AFS_photo_evenement28janvier2023-165-2048x1153.jpg 2048w, https:\/\/www.artforscience.eu\/wp-content\/uploads\/2023\/02\/AFS_photo_evenement28janvier2023-165-18x10.jpg 18w, https:\/\/www.artforscience.eu\/wp-content\/uploads\/2023\/02\/AFS_photo_evenement28janvier2023-165-1160x653.jpg 1160w, https:\/\/www.artforscience.eu\/wp-content\/uploads\/2023\/02\/AFS_photo_evenement28janvier2023-165-600x338.jpg 600w\" sizes=\"(max-width: 700px) 100vw, 700px\" \/><\/figure><\/li><li class=\"blocks-gallery-item\"><figure><img loading=\"lazy\" width=\"700\" height=\"394\" src=\"https:\/\/www.artforscience.eu\/wp-content\/uploads\/2023\/02\/AFS_photo_evenement28janvier2023-169-700x394.jpg\" alt=\"\" data-id=\"4017\" data-full-url=\"https:\/\/www.artforscience.eu\/wp-content\/uploads\/2023\/02\/AFS_photo_evenement28janvier2023-169-scaled.jpg\" data-link=\"https:\/\/www.artforscience.eu\/?attachment_id=4017\" class=\"wp-image-4017\" srcset=\"https:\/\/www.artforscience.eu\/wp-content\/uploads\/2023\/02\/AFS_photo_evenement28janvier2023-169-700x394.jpg 700w, https:\/\/www.artforscience.eu\/wp-content\/uploads\/2023\/02\/AFS_photo_evenement28janvier2023-169-300x169.jpg 300w, https:\/\/www.artforscience.eu\/wp-content\/uploads\/2023\/02\/AFS_photo_evenement28janvier2023-169-768x432.jpg 768w, https:\/\/www.artforscience.eu\/wp-content\/uploads\/2023\/02\/AFS_photo_evenement28janvier2023-169-1536x865.jpg 1536w, https:\/\/www.artforscience.eu\/wp-content\/uploads\/2023\/02\/AFS_photo_evenement28janvier2023-169-2048x1153.jpg 2048w, https:\/\/www.artforscience.eu\/wp-content\/uploads\/2023\/02\/AFS_photo_evenement28janvier2023-169-18x10.jpg 18w, https:\/\/www.artforscience.eu\/wp-content\/uploads\/2023\/02\/AFS_photo_evenement28janvier2023-169-1160x653.jpg 1160w, https:\/\/www.artforscience.eu\/wp-content\/uploads\/2023\/02\/AFS_photo_evenement28janvier2023-169-600x338.jpg 600w\" sizes=\"(max-width: 700px) 100vw, 700px\" \/><figcaption class=\"blocks-gallery-item__caption\">Place aux questions du public<\/figcaption><\/figure><\/li><\/ul><\/figure>\n\n\n\n<p>\u00ab\u00a0Ces \u00e9quipes et l\u2019art nous ont permis de r\u00e9aliser un certain nombre <strong>d\u2019\u00e9tapes heureuses dans nos vies <\/strong>et <strong>ont \u00e0 c\u0153ur de partager le poids des d\u00e9couvertes sur le cerveau et son fonctionnement, d\u00e9couvertes faites par les \u00e9quipes du Pr Hugues Duffau de Montpellier dont deux grands membres sont ici pr\u00e9sents pour cet \u00e9v\u00e8nement 2023 : Jean-Philippe Hugnot en pr\u00e9sentiel, qui a fait le d\u00e9placement de Montpellier, et Sylvie Moritz Gasser en visio<\/strong>.\u00a0\u00bb a indiqu\u00e9 M\u00e9lanie Dal Gobbo, maintenant directrice d&rsquo;Art For Science.  \u00ab\u00a0Cette conf\u00e9rence-expo a pour but de vous inspirer sur votre formidable cerveau et sur la beaut\u00e9 humaine de certaines personnes pour en prendre soin : je parle de ces soignants d\u2019exception, des chercheurs, mais aussi des artistes de la salle\u00a0\u00bb.<\/p>\n\n\n\n<figure class=\"wp-block-gallery columns-3 is-cropped\"><ul class=\"blocks-gallery-grid\"><li class=\"blocks-gallery-item\"><figure><img loading=\"lazy\" width=\"700\" height=\"394\" src=\"https:\/\/www.artforscience.eu\/wp-content\/uploads\/2023\/02\/AFS_photo_evenement28janvier2023-157-700x394.jpg\" alt=\"\" data-id=\"4033\" data-full-url=\"https:\/\/www.artforscience.eu\/wp-content\/uploads\/2023\/02\/AFS_photo_evenement28janvier2023-157-scaled.jpg\" data-link=\"https:\/\/www.artforscience.eu\/?attachment_id=4033\" class=\"wp-image-4033\" srcset=\"https:\/\/www.artforscience.eu\/wp-content\/uploads\/2023\/02\/AFS_photo_evenement28janvier2023-157-700x394.jpg 700w, https:\/\/www.artforscience.eu\/wp-content\/uploads\/2023\/02\/AFS_photo_evenement28janvier2023-157-300x169.jpg 300w, https:\/\/www.artforscience.eu\/wp-content\/uploads\/2023\/02\/AFS_photo_evenement28janvier2023-157-768x432.jpg 768w, https:\/\/www.artforscience.eu\/wp-content\/uploads\/2023\/02\/AFS_photo_evenement28janvier2023-157-1536x865.jpg 1536w, https:\/\/www.artforscience.eu\/wp-content\/uploads\/2023\/02\/AFS_photo_evenement28janvier2023-157-2048x1153.jpg 2048w, https:\/\/www.artforscience.eu\/wp-content\/uploads\/2023\/02\/AFS_photo_evenement28janvier2023-157-18x10.jpg 18w, https:\/\/www.artforscience.eu\/wp-content\/uploads\/2023\/02\/AFS_photo_evenement28janvier2023-157-1160x653.jpg 1160w, https:\/\/www.artforscience.eu\/wp-content\/uploads\/2023\/02\/AFS_photo_evenement28janvier2023-157-600x338.jpg 600w\" sizes=\"(max-width: 700px) 100vw, 700px\" \/><figcaption class=\"blocks-gallery-item__caption\">Hommage \u00e0 Thomas Roubira, co-fondateur Art For Science, 1 minute de silence en son honneur<\/figcaption><\/figure><\/li><li class=\"blocks-gallery-item\"><figure><img loading=\"lazy\" width=\"700\" height=\"394\" src=\"https:\/\/www.artforscience.eu\/wp-content\/uploads\/2023\/02\/AFS_photo_evenement28janvier2023-139-700x394.jpg\" alt=\"\" data-id=\"4024\" data-full-url=\"https:\/\/www.artforscience.eu\/wp-content\/uploads\/2023\/02\/AFS_photo_evenement28janvier2023-139-scaled.jpg\" data-link=\"https:\/\/www.artforscience.eu\/?attachment_id=4024\" class=\"wp-image-4024\" srcset=\"https:\/\/www.artforscience.eu\/wp-content\/uploads\/2023\/02\/AFS_photo_evenement28janvier2023-139-700x394.jpg 700w, https:\/\/www.artforscience.eu\/wp-content\/uploads\/2023\/02\/AFS_photo_evenement28janvier2023-139-300x169.jpg 300w, https:\/\/www.artforscience.eu\/wp-content\/uploads\/2023\/02\/AFS_photo_evenement28janvier2023-139-768x432.jpg 768w, https:\/\/www.artforscience.eu\/wp-content\/uploads\/2023\/02\/AFS_photo_evenement28janvier2023-139-1536x865.jpg 1536w, https:\/\/www.artforscience.eu\/wp-content\/uploads\/2023\/02\/AFS_photo_evenement28janvier2023-139-2048x1153.jpg 2048w, https:\/\/www.artforscience.eu\/wp-content\/uploads\/2023\/02\/AFS_photo_evenement28janvier2023-139-18x10.jpg 18w, https:\/\/www.artforscience.eu\/wp-content\/uploads\/2023\/02\/AFS_photo_evenement28janvier2023-139-1160x653.jpg 1160w, https:\/\/www.artforscience.eu\/wp-content\/uploads\/2023\/02\/AFS_photo_evenement28janvier2023-139-600x338.jpg 600w\" sizes=\"(max-width: 700px) 100vw, 700px\" \/><figcaption class=\"blocks-gallery-item__caption\">2 artistes Art For Science : Aur\u00e9lie Salvaing et Neffati<\/figcaption><\/figure><\/li><li class=\"blocks-gallery-item\"><figure><img loading=\"lazy\" width=\"700\" height=\"394\" src=\"https:\/\/www.artforscience.eu\/wp-content\/uploads\/2023\/02\/AFS_photo_evenement28janvier2023-156-1-700x394.jpg\" alt=\"\" data-id=\"4032\" data-full-url=\"https:\/\/www.artforscience.eu\/wp-content\/uploads\/2023\/02\/AFS_photo_evenement28janvier2023-156-1-scaled.jpg\" data-link=\"https:\/\/www.artforscience.eu\/?attachment_id=4032\" class=\"wp-image-4032\" srcset=\"https:\/\/www.artforscience.eu\/wp-content\/uploads\/2023\/02\/AFS_photo_evenement28janvier2023-156-1-700x394.jpg 700w, https:\/\/www.artforscience.eu\/wp-content\/uploads\/2023\/02\/AFS_photo_evenement28janvier2023-156-1-300x169.jpg 300w, https:\/\/www.artforscience.eu\/wp-content\/uploads\/2023\/02\/AFS_photo_evenement28janvier2023-156-1-768x432.jpg 768w, https:\/\/www.artforscience.eu\/wp-content\/uploads\/2023\/02\/AFS_photo_evenement28janvier2023-156-1-1536x865.jpg 1536w, https:\/\/www.artforscience.eu\/wp-content\/uploads\/2023\/02\/AFS_photo_evenement28janvier2023-156-1-2048x1153.jpg 2048w, https:\/\/www.artforscience.eu\/wp-content\/uploads\/2023\/02\/AFS_photo_evenement28janvier2023-156-1-18x10.jpg 18w, https:\/\/www.artforscience.eu\/wp-content\/uploads\/2023\/02\/AFS_photo_evenement28janvier2023-156-1-1160x653.jpg 1160w, https:\/\/www.artforscience.eu\/wp-content\/uploads\/2023\/02\/AFS_photo_evenement28janvier2023-156-1-600x338.jpg 600w\" sizes=\"(max-width: 700px) 100vw, 700px\" \/><\/figure><\/li><li class=\"blocks-gallery-item\"><figure><img loading=\"lazy\" width=\"700\" height=\"394\" src=\"https:\/\/www.artforscience.eu\/wp-content\/uploads\/2023\/02\/AFS_photo_evenement28janvier2023-109-700x394.jpg\" alt=\"\" data-id=\"4022\" data-full-url=\"https:\/\/www.artforscience.eu\/wp-content\/uploads\/2023\/02\/AFS_photo_evenement28janvier2023-109-scaled.jpg\" data-link=\"https:\/\/www.artforscience.eu\/?attachment_id=4022\" class=\"wp-image-4022\" srcset=\"https:\/\/www.artforscience.eu\/wp-content\/uploads\/2023\/02\/AFS_photo_evenement28janvier2023-109-700x394.jpg 700w, https:\/\/www.artforscience.eu\/wp-content\/uploads\/2023\/02\/AFS_photo_evenement28janvier2023-109-300x169.jpg 300w, https:\/\/www.artforscience.eu\/wp-content\/uploads\/2023\/02\/AFS_photo_evenement28janvier2023-109-768x432.jpg 768w, https:\/\/www.artforscience.eu\/wp-content\/uploads\/2023\/02\/AFS_photo_evenement28janvier2023-109-1536x865.jpg 1536w, https:\/\/www.artforscience.eu\/wp-content\/uploads\/2023\/02\/AFS_photo_evenement28janvier2023-109-2048x1153.jpg 2048w, https:\/\/www.artforscience.eu\/wp-content\/uploads\/2023\/02\/AFS_photo_evenement28janvier2023-109-18x10.jpg 18w, https:\/\/www.artforscience.eu\/wp-content\/uploads\/2023\/02\/AFS_photo_evenement28janvier2023-109-1160x653.jpg 1160w, https:\/\/www.artforscience.eu\/wp-content\/uploads\/2023\/02\/AFS_photo_evenement28janvier2023-109-600x338.jpg 600w\" sizes=\"(max-width: 700px) 100vw, 700px\" \/><figcaption class=\"blocks-gallery-item__caption\">Catherine Lemaire, \u00e9quipe Art For Science<\/figcaption><\/figure><\/li><li class=\"blocks-gallery-item\"><figure><img loading=\"lazy\" width=\"700\" height=\"394\" src=\"https:\/\/www.artforscience.eu\/wp-content\/uploads\/2023\/02\/AFS_photo_evenement28janvier2023-153-700x394.jpg\" alt=\"\" data-id=\"4031\" data-full-url=\"https:\/\/www.artforscience.eu\/wp-content\/uploads\/2023\/02\/AFS_photo_evenement28janvier2023-153-scaled.jpg\" data-link=\"https:\/\/www.artforscience.eu\/?attachment_id=4031\" class=\"wp-image-4031\" srcset=\"https:\/\/www.artforscience.eu\/wp-content\/uploads\/2023\/02\/AFS_photo_evenement28janvier2023-153-700x394.jpg 700w, https:\/\/www.artforscience.eu\/wp-content\/uploads\/2023\/02\/AFS_photo_evenement28janvier2023-153-300x169.jpg 300w, https:\/\/www.artforscience.eu\/wp-content\/uploads\/2023\/02\/AFS_photo_evenement28janvier2023-153-768x432.jpg 768w, https:\/\/www.artforscience.eu\/wp-content\/uploads\/2023\/02\/AFS_photo_evenement28janvier2023-153-1536x865.jpg 1536w, https:\/\/www.artforscience.eu\/wp-content\/uploads\/2023\/02\/AFS_photo_evenement28janvier2023-153-2048x1153.jpg 2048w, https:\/\/www.artforscience.eu\/wp-content\/uploads\/2023\/02\/AFS_photo_evenement28janvier2023-153-18x10.jpg 18w, https:\/\/www.artforscience.eu\/wp-content\/uploads\/2023\/02\/AFS_photo_evenement28janvier2023-153-1160x653.jpg 1160w, https:\/\/www.artforscience.eu\/wp-content\/uploads\/2023\/02\/AFS_photo_evenement28janvier2023-153-600x338.jpg 600w\" sizes=\"(max-width: 700px) 100vw, 700px\" \/><\/figure><\/li><li class=\"blocks-gallery-item\"><figure><img loading=\"lazy\" width=\"700\" height=\"394\" src=\"https:\/\/www.artforscience.eu\/wp-content\/uploads\/2023\/02\/AFS_photo_evenement28janvier2023-151-1-700x394.jpg\" alt=\"\" data-id=\"4030\" data-full-url=\"https:\/\/www.artforscience.eu\/wp-content\/uploads\/2023\/02\/AFS_photo_evenement28janvier2023-151-1-scaled.jpg\" data-link=\"https:\/\/www.artforscience.eu\/?attachment_id=4030\" class=\"wp-image-4030\" srcset=\"https:\/\/www.artforscience.eu\/wp-content\/uploads\/2023\/02\/AFS_photo_evenement28janvier2023-151-1-700x394.jpg 700w, https:\/\/www.artforscience.eu\/wp-content\/uploads\/2023\/02\/AFS_photo_evenement28janvier2023-151-1-300x169.jpg 300w, https:\/\/www.artforscience.eu\/wp-content\/uploads\/2023\/02\/AFS_photo_evenement28janvier2023-151-1-768x432.jpg 768w, https:\/\/www.artforscience.eu\/wp-content\/uploads\/2023\/02\/AFS_photo_evenement28janvier2023-151-1-1536x865.jpg 1536w, https:\/\/www.artforscience.eu\/wp-content\/uploads\/2023\/02\/AFS_photo_evenement28janvier2023-151-1-2048x1153.jpg 2048w, https:\/\/www.artforscience.eu\/wp-content\/uploads\/2023\/02\/AFS_photo_evenement28janvier2023-151-1-18x10.jpg 18w, https:\/\/www.artforscience.eu\/wp-content\/uploads\/2023\/02\/AFS_photo_evenement28janvier2023-151-1-1160x653.jpg 1160w, https:\/\/www.artforscience.eu\/wp-content\/uploads\/2023\/02\/AFS_photo_evenement28janvier2023-151-1-600x338.jpg 600w\" sizes=\"(max-width: 700px) 100vw, 700px\" \/><\/figure><\/li><li class=\"blocks-gallery-item\"><figure><img loading=\"lazy\" width=\"700\" height=\"394\" src=\"https:\/\/www.artforscience.eu\/wp-content\/uploads\/2023\/02\/AFS_photo_evenement28janvier2023-106-1-700x394.jpg\" alt=\"\" data-id=\"4021\" data-full-url=\"https:\/\/www.artforscience.eu\/wp-content\/uploads\/2023\/02\/AFS_photo_evenement28janvier2023-106-1-scaled.jpg\" data-link=\"https:\/\/www.artforscience.eu\/?attachment_id=4021\" class=\"wp-image-4021\" srcset=\"https:\/\/www.artforscience.eu\/wp-content\/uploads\/2023\/02\/AFS_photo_evenement28janvier2023-106-1-700x394.jpg 700w, https:\/\/www.artforscience.eu\/wp-content\/uploads\/2023\/02\/AFS_photo_evenement28janvier2023-106-1-300x169.jpg 300w, https:\/\/www.artforscience.eu\/wp-content\/uploads\/2023\/02\/AFS_photo_evenement28janvier2023-106-1-768x432.jpg 768w, https:\/\/www.artforscience.eu\/wp-content\/uploads\/2023\/02\/AFS_photo_evenement28janvier2023-106-1-1536x865.jpg 1536w, https:\/\/www.artforscience.eu\/wp-content\/uploads\/2023\/02\/AFS_photo_evenement28janvier2023-106-1-2048x1153.jpg 2048w, https:\/\/www.artforscience.eu\/wp-content\/uploads\/2023\/02\/AFS_photo_evenement28janvier2023-106-1-18x10.jpg 18w, https:\/\/www.artforscience.eu\/wp-content\/uploads\/2023\/02\/AFS_photo_evenement28janvier2023-106-1-1160x653.jpg 1160w, https:\/\/www.artforscience.eu\/wp-content\/uploads\/2023\/02\/AFS_photo_evenement28janvier2023-106-1-600x338.jpg 600w\" sizes=\"(max-width: 700px) 100vw, 700px\" \/><\/figure><\/li><li class=\"blocks-gallery-item\"><figure><img loading=\"lazy\" width=\"700\" height=\"394\" src=\"https:\/\/www.artforscience.eu\/wp-content\/uploads\/2023\/02\/AFS_photo_evenement28janvier2023-94-700x394.jpg\" alt=\"\" data-id=\"4020\" data-full-url=\"https:\/\/www.artforscience.eu\/wp-content\/uploads\/2023\/02\/AFS_photo_evenement28janvier2023-94-scaled.jpg\" data-link=\"https:\/\/www.artforscience.eu\/?attachment_id=4020\" class=\"wp-image-4020\" srcset=\"https:\/\/www.artforscience.eu\/wp-content\/uploads\/2023\/02\/AFS_photo_evenement28janvier2023-94-700x394.jpg 700w, https:\/\/www.artforscience.eu\/wp-content\/uploads\/2023\/02\/AFS_photo_evenement28janvier2023-94-300x169.jpg 300w, https:\/\/www.artforscience.eu\/wp-content\/uploads\/2023\/02\/AFS_photo_evenement28janvier2023-94-768x432.jpg 768w, https:\/\/www.artforscience.eu\/wp-content\/uploads\/2023\/02\/AFS_photo_evenement28janvier2023-94-1536x865.jpg 1536w, https:\/\/www.artforscience.eu\/wp-content\/uploads\/2023\/02\/AFS_photo_evenement28janvier2023-94-2048x1153.jpg 2048w, https:\/\/www.artforscience.eu\/wp-content\/uploads\/2023\/02\/AFS_photo_evenement28janvier2023-94-18x10.jpg 18w, https:\/\/www.artforscience.eu\/wp-content\/uploads\/2023\/02\/AFS_photo_evenement28janvier2023-94-1160x653.jpg 1160w, https:\/\/www.artforscience.eu\/wp-content\/uploads\/2023\/02\/AFS_photo_evenement28janvier2023-94-600x338.jpg 600w\" sizes=\"(max-width: 700px) 100vw, 700px\" \/><figcaption class=\"blocks-gallery-item__caption\">Etre Cr\u00e2ne de Laurence L\u00f4<\/figcaption><\/figure><\/li><li class=\"blocks-gallery-item\"><figure><img loading=\"lazy\" width=\"700\" height=\"394\" src=\"https:\/\/www.artforscience.eu\/wp-content\/uploads\/2023\/02\/AFS_photo_evenement28janvier2023-148-700x394.jpg\" alt=\"\" data-id=\"4028\" data-full-url=\"https:\/\/www.artforscience.eu\/wp-content\/uploads\/2023\/02\/AFS_photo_evenement28janvier2023-148-scaled.jpg\" data-link=\"https:\/\/www.artforscience.eu\/?attachment_id=4028\" class=\"wp-image-4028\" srcset=\"https:\/\/www.artforscience.eu\/wp-content\/uploads\/2023\/02\/AFS_photo_evenement28janvier2023-148-700x394.jpg 700w, https:\/\/www.artforscience.eu\/wp-content\/uploads\/2023\/02\/AFS_photo_evenement28janvier2023-148-300x169.jpg 300w, https:\/\/www.artforscience.eu\/wp-content\/uploads\/2023\/02\/AFS_photo_evenement28janvier2023-148-768x432.jpg 768w, https:\/\/www.artforscience.eu\/wp-content\/uploads\/2023\/02\/AFS_photo_evenement28janvier2023-148-1536x865.jpg 1536w, https:\/\/www.artforscience.eu\/wp-content\/uploads\/2023\/02\/AFS_photo_evenement28janvier2023-148-2048x1153.jpg 2048w, https:\/\/www.artforscience.eu\/wp-content\/uploads\/2023\/02\/AFS_photo_evenement28janvier2023-148-18x10.jpg 18w, https:\/\/www.artforscience.eu\/wp-content\/uploads\/2023\/02\/AFS_photo_evenement28janvier2023-148-1160x653.jpg 1160w, https:\/\/www.artforscience.eu\/wp-content\/uploads\/2023\/02\/AFS_photo_evenement28janvier2023-148-600x338.jpg 600w\" sizes=\"(max-width: 700px) 100vw, 700px\" \/><\/figure><\/li><li class=\"blocks-gallery-item\"><figure><img loading=\"lazy\" width=\"700\" height=\"394\" src=\"https:\/\/www.artforscience.eu\/wp-content\/uploads\/2023\/02\/AFS_photo_evenement28janvier2023-143-700x394.jpg\" alt=\"\" data-id=\"4027\" data-full-url=\"https:\/\/www.artforscience.eu\/wp-content\/uploads\/2023\/02\/AFS_photo_evenement28janvier2023-143-scaled.jpg\" data-link=\"https:\/\/www.artforscience.eu\/?attachment_id=4027\" class=\"wp-image-4027\" srcset=\"https:\/\/www.artforscience.eu\/wp-content\/uploads\/2023\/02\/AFS_photo_evenement28janvier2023-143-700x394.jpg 700w, https:\/\/www.artforscience.eu\/wp-content\/uploads\/2023\/02\/AFS_photo_evenement28janvier2023-143-300x169.jpg 300w, https:\/\/www.artforscience.eu\/wp-content\/uploads\/2023\/02\/AFS_photo_evenement28janvier2023-143-768x432.jpg 768w, https:\/\/www.artforscience.eu\/wp-content\/uploads\/2023\/02\/AFS_photo_evenement28janvier2023-143-1536x865.jpg 1536w, https:\/\/www.artforscience.eu\/wp-content\/uploads\/2023\/02\/AFS_photo_evenement28janvier2023-143-2048x1153.jpg 2048w, https:\/\/www.artforscience.eu\/wp-content\/uploads\/2023\/02\/AFS_photo_evenement28janvier2023-143-18x10.jpg 18w, https:\/\/www.artforscience.eu\/wp-content\/uploads\/2023\/02\/AFS_photo_evenement28janvier2023-143-1160x653.jpg 1160w, https:\/\/www.artforscience.eu\/wp-content\/uploads\/2023\/02\/AFS_photo_evenement28janvier2023-143-600x338.jpg 600w\" sizes=\"(max-width: 700px) 100vw, 700px\" \/><figcaption class=\"blocks-gallery-item__caption\">Equipe Art For Science : Victor, S\u00e9verine, Marie-Fran\u00e7oise<\/figcaption><\/figure><\/li><li class=\"blocks-gallery-item\"><figure><img loading=\"lazy\" width=\"700\" height=\"394\" src=\"https:\/\/www.artforscience.eu\/wp-content\/uploads\/2023\/02\/AFS_photo_evenement28janvier2023-142-700x394.jpg\" alt=\"\" data-id=\"4026\" data-full-url=\"https:\/\/www.artforscience.eu\/wp-content\/uploads\/2023\/02\/AFS_photo_evenement28janvier2023-142-scaled.jpg\" data-link=\"https:\/\/www.artforscience.eu\/?attachment_id=4026\" class=\"wp-image-4026\" srcset=\"https:\/\/www.artforscience.eu\/wp-content\/uploads\/2023\/02\/AFS_photo_evenement28janvier2023-142-700x394.jpg 700w, https:\/\/www.artforscience.eu\/wp-content\/uploads\/2023\/02\/AFS_photo_evenement28janvier2023-142-300x169.jpg 300w, https:\/\/www.artforscience.eu\/wp-content\/uploads\/2023\/02\/AFS_photo_evenement28janvier2023-142-768x432.jpg 768w, https:\/\/www.artforscience.eu\/wp-content\/uploads\/2023\/02\/AFS_photo_evenement28janvier2023-142-1536x865.jpg 1536w, https:\/\/www.artforscience.eu\/wp-content\/uploads\/2023\/02\/AFS_photo_evenement28janvier2023-142-2048x1153.jpg 2048w, https:\/\/www.artforscience.eu\/wp-content\/uploads\/2023\/02\/AFS_photo_evenement28janvier2023-142-18x10.jpg 18w, https:\/\/www.artforscience.eu\/wp-content\/uploads\/2023\/02\/AFS_photo_evenement28janvier2023-142-1160x653.jpg 1160w, https:\/\/www.artforscience.eu\/wp-content\/uploads\/2023\/02\/AFS_photo_evenement28janvier2023-142-600x338.jpg 600w\" sizes=\"(max-width: 700px) 100vw, 700px\" \/><\/figure><\/li><li class=\"blocks-gallery-item\"><figure><img loading=\"lazy\" width=\"700\" height=\"394\" src=\"https:\/\/www.artforscience.eu\/wp-content\/uploads\/2023\/02\/AFS_photo_evenement28janvier2023-141-700x394.jpg\" alt=\"\" data-id=\"4025\" data-full-url=\"https:\/\/www.artforscience.eu\/wp-content\/uploads\/2023\/02\/AFS_photo_evenement28janvier2023-141-scaled.jpg\" data-link=\"https:\/\/www.artforscience.eu\/?attachment_id=4025\" class=\"wp-image-4025\" srcset=\"https:\/\/www.artforscience.eu\/wp-content\/uploads\/2023\/02\/AFS_photo_evenement28janvier2023-141-700x394.jpg 700w, https:\/\/www.artforscience.eu\/wp-content\/uploads\/2023\/02\/AFS_photo_evenement28janvier2023-141-300x169.jpg 300w, https:\/\/www.artforscience.eu\/wp-content\/uploads\/2023\/02\/AFS_photo_evenement28janvier2023-141-768x432.jpg 768w, https:\/\/www.artforscience.eu\/wp-content\/uploads\/2023\/02\/AFS_photo_evenement28janvier2023-141-1536x865.jpg 1536w, https:\/\/www.artforscience.eu\/wp-content\/uploads\/2023\/02\/AFS_photo_evenement28janvier2023-141-2048x1153.jpg 2048w, https:\/\/www.artforscience.eu\/wp-content\/uploads\/2023\/02\/AFS_photo_evenement28janvier2023-141-18x10.jpg 18w, https:\/\/www.artforscience.eu\/wp-content\/uploads\/2023\/02\/AFS_photo_evenement28janvier2023-141-1160x653.jpg 1160w, https:\/\/www.artforscience.eu\/wp-content\/uploads\/2023\/02\/AFS_photo_evenement28janvier2023-141-600x338.jpg 600w\" sizes=\"(max-width: 700px) 100vw, 700px\" \/><figcaption class=\"blocks-gallery-item__caption\">Leila Moumen artiste et Marie Brossard, \u00e9quipe Art For Science<\/figcaption><\/figure><\/li><li class=\"blocks-gallery-item\"><figure><img loading=\"lazy\" width=\"700\" height=\"394\" src=\"https:\/\/www.artforscience.eu\/wp-content\/uploads\/2023\/02\/AFS_photo_evenement28janvier2023-165-700x394.jpg\" alt=\"\" data-id=\"4016\" data-full-url=\"https:\/\/www.artforscience.eu\/wp-content\/uploads\/2023\/02\/AFS_photo_evenement28janvier2023-165-scaled.jpg\" data-link=\"https:\/\/www.artforscience.eu\/?attachment_id=4016\" class=\"wp-image-4016\" srcset=\"https:\/\/www.artforscience.eu\/wp-content\/uploads\/2023\/02\/AFS_photo_evenement28janvier2023-165-700x394.jpg 700w, https:\/\/www.artforscience.eu\/wp-content\/uploads\/2023\/02\/AFS_photo_evenement28janvier2023-165-300x169.jpg 300w, https:\/\/www.artforscience.eu\/wp-content\/uploads\/2023\/02\/AFS_photo_evenement28janvier2023-165-768x432.jpg 768w, https:\/\/www.artforscience.eu\/wp-content\/uploads\/2023\/02\/AFS_photo_evenement28janvier2023-165-1536x865.jpg 1536w, https:\/\/www.artforscience.eu\/wp-content\/uploads\/2023\/02\/AFS_photo_evenement28janvier2023-165-2048x1153.jpg 2048w, https:\/\/www.artforscience.eu\/wp-content\/uploads\/2023\/02\/AFS_photo_evenement28janvier2023-165-18x10.jpg 18w, https:\/\/www.artforscience.eu\/wp-content\/uploads\/2023\/02\/AFS_photo_evenement28janvier2023-165-1160x653.jpg 1160w, https:\/\/www.artforscience.eu\/wp-content\/uploads\/2023\/02\/AFS_photo_evenement28janvier2023-165-600x338.jpg 600w\" sizes=\"(max-width: 700px) 100vw, 700px\" \/><\/figure><\/li><li class=\"blocks-gallery-item\"><figure><img loading=\"lazy\" width=\"700\" height=\"525\" src=\"https:\/\/www.artforscience.eu\/wp-content\/uploads\/2023\/02\/AFS_photo_evenement28janvier2023-28-700x525.jpg\" alt=\"\" data-id=\"3977\" data-full-url=\"https:\/\/www.artforscience.eu\/wp-content\/uploads\/2023\/02\/AFS_photo_evenement28janvier2023-28-scaled.jpg\" data-link=\"https:\/\/www.artforscience.eu\/?attachment_id=3977\" class=\"wp-image-3977\" srcset=\"https:\/\/www.artforscience.eu\/wp-content\/uploads\/2023\/02\/AFS_photo_evenement28janvier2023-28-700x525.jpg 700w, https:\/\/www.artforscience.eu\/wp-content\/uploads\/2023\/02\/AFS_photo_evenement28janvier2023-28-300x225.jpg 300w, https:\/\/www.artforscience.eu\/wp-content\/uploads\/2023\/02\/AFS_photo_evenement28janvier2023-28-768x576.jpg 768w, https:\/\/www.artforscience.eu\/wp-content\/uploads\/2023\/02\/AFS_photo_evenement28janvier2023-28-1536x1152.jpg 1536w, https:\/\/www.artforscience.eu\/wp-content\/uploads\/2023\/02\/AFS_photo_evenement28janvier2023-28-2048x1536.jpg 2048w, https:\/\/www.artforscience.eu\/wp-content\/uploads\/2023\/02\/AFS_photo_evenement28janvier2023-28-16x12.jpg 16w, https:\/\/www.artforscience.eu\/wp-content\/uploads\/2023\/02\/AFS_photo_evenement28janvier2023-28-600x450.jpg 600w\" sizes=\"(max-width: 700px) 100vw, 700px\" \/><figcaption class=\"blocks-gallery-item__caption\">Extrait de l&rsquo;after-event m\u00e9c\u00e8ne<\/figcaption><\/figure><\/li><\/ul><\/figure>\n\n\n\n<p><\/p>\n\n\n\n<p>Au programme : <\/p>\n\n\n\n<ul><li>Les neuroscientiques de Montpellier \u00e9taient l\u00e0 pour expliquer \u00e0 quel point chaque cerveau est unique et comment on peut en prendre soin : merci \u00e0 Jean-Philippe Hugnot checheur \u00e0 l&rsquo;INSERM groupe \u00a0\u00bbtumeur gliales, cellules souches et plasticit\u00e9 c\u00e9r\u00e9brale\u00a0\u00bb, <\/li><li>Sylvie Moritz-Gasser orthophoniste au bloc op\u00e9ratoire de l&rsquo;\u00e9quipe du Pr Hugues Duffau, <\/li><li>Karima Kahlaoui neurospychologue \u00e0 l&rsquo;Institut de Psychiatrie l\u00e9gale Philippe Pinel de Montr\u00e9al, Chlo\u00e9 Germentier artiste \u00e0 Montr\u00e9al,  Audrey Guiller, journaliste.<\/li><li>Exposition d&rsquo;oeuvres d&rsquo;arts d&rsquo;artistes form\u00e9s par les \u00e9quipes du Professeur Hugues Duffau <\/li><li>After-event m\u00e9c\u00e8nes : les m\u00e9c\u00e8nes de l&rsquo;association t\u00e9moignent ! Merci \u00e0 Pierre C et Delphine POCH de <a href=\"https:\/\/www.capsuledart.com\/\">Capsule d&rsquo;art<\/a> pour leur soutien !<\/li><li>Merci \u00e0 <a href=\"https:\/\/rbcmobilier.com\/\">RBC Mobilier <\/a>de nous avoir accueillis !<br><\/li><\/ul>\n\n\n\n<p>Pour tout ceux qui ne connaissent pas encore l\u2019origine de la cr\u00e9ation d\u2019Art For Science : nous vous invitons \u00e0 plonger dans cette <a href=\"https:\/\/youtu.be\/Vhf3n6tMOG4\">vid\u00e9o<\/a> !  Une vid\u00e9o o\u00f9 les co-fondateurs partagent sur sc\u00e8ne une histoire de r\u00e9silience optimiste, o\u00f9 Thomas s&rsquo;est fait amput\u00e9 du pied pour un 1<sup>er<\/sup> cancer et qui pr\u00e9sente comment il a rebondit et a \u00e9t\u00e9 champion d\u2019escrime ; puis comment il en est arriv\u00e9 \u00e0 se faire amputer de son cerveau l\u2019\u00e9quivalent de la taille d\u2019un pamplemousse. Gr\u00e2ce \u00e0 l\u2019art et la r\u00e9p\u00e9tition d\u2019exercice il a r\u00e9cup\u00e9r\u00e9 et repris une vie compl\u00e8tement pleine de projets et d\u2019ind\u00e9pendance !<br><\/p>\n\n\n\n<p>Pendant ces 3 ans de cr\u00e9ation, Art For Science a partag\u00e9 des messages sur le potentiel de chacun \u00e0 la lumi\u00e8re de cette amputation c\u00e9r\u00e9brale et de l&rsquo;importance des bienfaits de l&rsquo;art sur le cerveau. <\/p>\n\n\n\n<p>Depuis 2022, Art For Science a \u00e9t\u00e9 invit\u00e9 \u00e0 l\u2019ONU par l\u2019Organisation Mondiale de la Sant\u00e9 dans le cadre du mouvement mondial Art Impact For Health and SDGs. Art For Science lance maintenant, en plus de 3 conf\u00e9rences-expo par an :<br> &#8211; des programmes d\u2019\u00e9ducation pour que les enfants d\u00e9couvrent leur cerveau, son potentiel et l\u2019art comme outil r\u00e9v\u00e9lateur, <br>&#8211; des programmes pour des personnes qui souffrent,<br>&#8211; et une grande partie \u00e9v\u00e8nementielle comme celle-ci qui doit permettre \u00e0 chacun de vous de ressortir surpris, inform\u00e9, avec une envie forte de prendre plus soin de son cerveau et de celui des autres gr\u00e2ce \u00e0 toutes les cl\u00e9s que vous allez d\u00e9couvrir et en accueillant l\u2019art dans vos vies.<br><\/p>\n\n\n\n<p>En plus de nos actions \u00e9v\u00e8nementielles et terrains, nous reversons des fonds pour aider la recherche m\u00e9dicale : notre 1<sup>er<\/sup> ch\u00e8que \u00e0 \u00e9t\u00e9 remis en main propre par Thomas \u00e0 son neurochirurgien le Pr Hugues Duffau, en janvier 2020, soit 4 mois apr\u00e8s la cr\u00e9ation de l&rsquo;association.<\/p>\n\n\n\n<p>La famille d\u2019Art For Science est compos\u00e9e aujourd&rsquo;hui de 75 b\u00e9n\u00e9voles \u00e0 travers le monde, dont 45 artistes.<\/p>\n\n\n\n<p><br><\/p>","protected":false},"excerpt":{"rendered":"<p>Le 28 janvier 2023 \u00e0 Lyon, chez un partenaire historique d&rsquo;Art For Science, RBC Mobilier, au 42 quai Rambaud \u00e0 Lyon Confluence a eu lieu une conf\u00e9rence-expo d&rsquo;Art For Science sur les bienfaits de l&rsquo;art sur le cerveau. Une introduction en hommage au co-fondateur Thomas Roubira a \u00e9t\u00e9 rendue par l&rsquo;ensemble de l&rsquo;\u00e9quipe d&rsquo;Art For [&hellip;]<\/p>","protected":false},"author":1,"featured_media":4023,"comment_status":"open","ping_status":"open","sticky":false,"template":"","format":"standard","meta":{"_mi_skip_tracking":false,"_monsterinsights_sitenote_active":false,"_monsterinsights_sitenote_note":"","_monsterinsights_sitenote_category":0,"spay_email":""},"categories":[64],"tags":[],"jetpack_featured_media_url":"https:\/\/www.artforscience.eu\/wp-content\/uploads\/2023\/02\/AFS_photo_evenement28janvier2023-131-1-scaled.jpg","_links":{"self":[{"href":"https:\/\/www.artforscience.eu\/en\/wp-json\/wp\/v2\/posts\/3966"}],"collection":[{"href":"https:\/\/www.artforscience.eu\/en\/wp-json\/wp\/v2\/posts"}],"about":[{"href":"https:\/\/www.artforscience.eu\/en\/wp-json\/wp\/v2\/types\/post"}],"author":[{"embeddable":true,"href":"https:\/\/www.artforscience.eu\/en\/wp-json\/wp\/v2\/users\/1"}],"replies":[{"embeddable":true,"href":"https:\/\/www.artforscience.eu\/en\/wp-json\/wp\/v2\/comments?post=3966"}],"version-history":[{"count":8,"href":"https:\/\/www.artforscience.eu\/en\/wp-json\/wp\/v2\/posts\/3966\/revisions"}],"predecessor-version":[{"id":4045,"href":"https:\/\/www.artforscience.eu\/en\/wp-json\/wp\/v2\/posts\/3966\/revisions\/4045"}],"wp:featuredmedia":[{"embeddable":true,"href":"https:\/\/www.artforscience.eu\/en\/wp-json\/wp\/v2\/media\/4023"}],"wp:attachment":[{"href":"https:\/\/www.artforscience.eu\/en\/wp-json\/wp\/v2\/media?parent=3966"}],"wp:term":[{"taxonomy":"category","embeddable":true,"href":"https:\/\/www.artforscience.eu\/en\/wp-json\/wp\/v2\/categories?post=3966"},{"taxonomy":"post_tag","embeddable":true,"href":"https:\/\/www.artforscience.eu\/en\/wp-json\/wp\/v2\/tags?post=3966"}],"curies":[{"name":"wp","href":"https:\/\/api.w.org\/{rel}","templated":true}]}}