{"id":4567,"date":"2025-04-17T15:37:35","date_gmt":"2025-04-17T19:37:35","guid":{"rendered":"https:\/\/www.artforscience.eu\/?p=4567"},"modified":"2025-04-17T15:38:41","modified_gmt":"2025-04-17T19:38:41","slug":"bilan-du-living-museum-st-martin-apres-3-mois-douverture","status":"publish","type":"post","link":"https:\/\/www.artforscience.eu\/en\/bilan-du-living-museum-st-martin-apres-3-mois-douverture\/","title":{"rendered":"Bilan du Living Museum St Martin apr\u00e8s 3 mois d&rsquo;ouverture"},"content":{"rendered":"<h2>publication du FaxInfo en Une du 17 avril 2025 : <\/h2>\n\n\n\n<h2>SANT\u00c9 \u2013 CULTURE \/ \u201cMerci d\u2019avoir ouvert ce lieu magique\u201d : l\u2019\u00e9lan du Living Museum<\/h2>\n\n\n\n<h2>En seulement trois mois d\u2019existence, le&nbsp;<a rel=\"noreferrer noopener\" href=\"https:\/\/www.artforscience.eu\/en\/living-museum\/\" target=\"_blank\">Living Museum<\/a>&nbsp;de Saint-Martin s\u2019impose comme un espace d\u2019expression th\u00e9rapeutique in\u00e9dit et accessible \u00e0 tous. Port\u00e9 par l\u2019association Art For Science, ce lieu d\u2019art et de r\u00e9silience a accueilli&nbsp;<strong>408 visites<\/strong>&nbsp;entre son ouverture le 6 janvier et le 6 avril dernier.<\/h2>\n\n\n\n<p>Un chiffre r\u00e9v\u00e9lateur de l\u2019engouement croissant pour ce&nbsp;<strong>projet d\u2019utilit\u00e9 sociale<\/strong>, qui propose \u00e0 chacun, jeunes, adultes, personnes isol\u00e9es ou fragilis\u00e9es, de transformer ses blessures en cr\u00e9ation. Sur ces 408 visites, 278 ont \u00e9t\u00e9 effectu\u00e9es par des femmes et 153 par des hommes, avec une majorit\u00e9 d\u2019adultes (322 contre 115 mineurs). La fr\u00e9quentation moyenne varie de deux \u00e0 huit visites par personne et par mois, preuve que les b\u00e9n\u00e9ficiaires y trouvent un soutien durable. Tous les quartiers de l\u2019\u00eele sont repr\u00e9sent\u00e9s, y compris les plus vuln\u00e9rables comme Quartier d\u2019Orl\u00e9ans ou Sandy Ground. Trois b\u00e9n\u00e9ficiaires sont venus de Saint-Barth\u00e9lemy, et plusieurs \u00e9taient sans domicile ou h\u00e9berg\u00e9s en urgence. La&nbsp;<strong>navette<\/strong>, sollicit\u00e9e 4 \u00e0 6 fois par semaine, garantit un acc\u00e8s \u00e9quitable \u00e0 tous, notamment aux personnes \u00e0 mobilit\u00e9 r\u00e9duite.<\/p>\n\n\n\n<p>Les raisons de cette fr\u00e9quentation croissante sont multiples : besoin d\u2019<strong>exprimer une \u00e9motion<\/strong>, de&nbsp;<strong>rompre l\u2019isolement<\/strong>, de&nbsp;<strong>lutter contre une addiction<\/strong>, ou encore de&nbsp;<strong>stimuler ses capacit\u00e9s cognitives<\/strong>. \u201cJe ressens de l\u2019apaisement\u201d, confie un b\u00e9n\u00e9ficiaire. D\u2019autres \u00e9voquent le bienfait de cet \u201cendroit qui inclut tout le monde\u201d, ou de \u201cretrouver une motivation \u00e0 reprendre contact avec les autres\u201d.<\/p>\n\n\n\n<p>Ce bilan du 1er trimestre vient confirmer que le Living Museum n\u2019est pas qu\u2019un espace artistique : c\u2019est un outil d\u2019accompagnement, de soin et de lien social profond\u00e9ment ancr\u00e9 dans les besoins du territoire. _Vx<\/p>\n\n\n\n<p>Infos&nbsp;:&nbsp;<a rel=\"noreferrer noopener\" href=\"https:\/\/www.artforscience.eu\/en\/living-museum\/\" target=\"_blank\">https:\/\/www.artforscience.eu\/living-museum\/<\/a><\/p>\n\n\n\n<p><a href=\"https:\/\/www.faxinfo.fr\/sante-culture-merci-davoir-ouvert-ce-lieu-magique-lelan-du-living-museum\" data-type=\"URL\" data-id=\"https:\/\/www.faxinfo.fr\/sante-culture-merci-davoir-ouvert-ce-lieu-magique-lelan-du-living-museum\" target=\"_blank\" rel=\"noreferrer noopener\">source : https:\/\/www.faxinfo.fr\/sante-culture-merci-davoir-ouvert-ce-lieu-magique-lelan-du-living-museum<\/a><\/p>\n\n\n\n<p><\/p>\n\n\n\n<div class=\"wp-block-image\"><figure class=\"aligncenter size-large\"><img loading=\"lazy\" width=\"506\" height=\"700\" src=\"https:\/\/www.artforscience.eu\/wp-content\/uploads\/2025\/04\/WhatsApp-Image-2025-04-17-a-15.33.26_3987aec8-506x700.jpg\" alt=\"\" class=\"wp-image-4568\" srcset=\"https:\/\/www.artforscience.eu\/wp-content\/uploads\/2025\/04\/WhatsApp-Image-2025-04-17-a-15.33.26_3987aec8-506x700.jpg 506w, https:\/\/www.artforscience.eu\/wp-content\/uploads\/2025\/04\/WhatsApp-Image-2025-04-17-a-15.33.26_3987aec8-217x300.jpg 217w, https:\/\/www.artforscience.eu\/wp-content\/uploads\/2025\/04\/WhatsApp-Image-2025-04-17-a-15.33.26_3987aec8-768x1062.jpg 768w, https:\/\/www.artforscience.eu\/wp-content\/uploads\/2025\/04\/WhatsApp-Image-2025-04-17-a-15.33.26_3987aec8-1111x1536.jpg 1111w, https:\/\/www.artforscience.eu\/wp-content\/uploads\/2025\/04\/WhatsApp-Image-2025-04-17-a-15.33.26_3987aec8-9x12.jpg 9w, https:\/\/www.artforscience.eu\/wp-content\/uploads\/2025\/04\/WhatsApp-Image-2025-04-17-a-15.33.26_3987aec8-600x830.jpg 600w, https:\/\/www.artforscience.eu\/wp-content\/uploads\/2025\/04\/WhatsApp-Image-2025-04-17-a-15.33.26_3987aec8.jpg 1125w\" sizes=\"(max-width: 506px) 100vw, 506px\" \/><figcaption>FaxInfo Papier Une du 17 avril 2025<\/figcaption><\/figure><\/div>","protected":false},"excerpt":{"rendered":"<p>publication du FaxInfo en Une du 17 avril 2025 : SANT\u00c9 \u2013 CULTURE \/ \u201cMerci d\u2019avoir ouvert ce lieu magique\u201d : l\u2019\u00e9lan du Living Museum En seulement trois mois d\u2019existence, le&nbsp;Living Museum&nbsp;de Saint-Martin s\u2019impose comme un espace d\u2019expression th\u00e9rapeutique in\u00e9dit et accessible \u00e0 tous. Port\u00e9 par l\u2019association Art For Science, ce lieu d\u2019art et de [&hellip;]<\/p>","protected":false},"author":1,"featured_media":0,"comment_status":"open","ping_status":"open","sticky":false,"template":"","format":"standard","meta":{"_mi_skip_tracking":false,"_monsterinsights_sitenote_active":false,"_monsterinsights_sitenote_note":"","_monsterinsights_sitenote_category":0,"spay_email":""},"categories":[64],"tags":[],"jetpack_featured_media_url":"","_links":{"self":[{"href":"https:\/\/www.artforscience.eu\/en\/wp-json\/wp\/v2\/posts\/4567"}],"collection":[{"href":"https:\/\/www.artforscience.eu\/en\/wp-json\/wp\/v2\/posts"}],"about":[{"href":"https:\/\/www.artforscience.eu\/en\/wp-json\/wp\/v2\/types\/post"}],"author":[{"embeddable":true,"href":"https:\/\/www.artforscience.eu\/en\/wp-json\/wp\/v2\/users\/1"}],"replies":[{"embeddable":true,"href":"https:\/\/www.artforscience.eu\/en\/wp-json\/wp\/v2\/comments?post=4567"}],"version-history":[{"count":2,"href":"https:\/\/www.artforscience.eu\/en\/wp-json\/wp\/v2\/posts\/4567\/revisions"}],"predecessor-version":[{"id":4570,"href":"https:\/\/www.artforscience.eu\/en\/wp-json\/wp\/v2\/posts\/4567\/revisions\/4570"}],"wp:attachment":[{"href":"https:\/\/www.artforscience.eu\/en\/wp-json\/wp\/v2\/media?parent=4567"}],"wp:term":[{"taxonomy":"category","embeddable":true,"href":"https:\/\/www.artforscience.eu\/en\/wp-json\/wp\/v2\/categories?post=4567"},{"taxonomy":"post_tag","embeddable":true,"href":"https:\/\/www.artforscience.eu\/en\/wp-json\/wp\/v2\/tags?post=4567"}],"curies":[{"name":"wp","href":"https:\/\/api.w.org\/{rel}","templated":true}]}}